{"id":6991,"date":"2012-05-04T17:36:00","date_gmt":"2012-05-04T17:36:00","guid":{"rendered":"http:\/\/formalprision.info\/2012\/05\/04\/exitoso-rescate-de-dos-empresarios-de\/"},"modified":"2015-06-03T08:52:22","modified_gmt":"2015-06-03T08:52:22","slug":"exitoso-rescate-de-dos-empresarios-de","status":"publish","type":"post","link":"https:\/\/formalprision.com\/?p=6991","title":{"rendered":"Exitoso rescate de dos empresarios del Estado de M\u00e9xico secuestrados en M\u00e9rida"},"content":{"rendered":"<p><\/p>\n<div class=\"separator\" style=\"clear: both; text-align: center;\"><a href=\"http:\/\/3.bp.blogspot.com\/-MgtEF4p0e-U\/T6QTB4nSSzI\/AAAAAAAAGto\/bulzjwqsQPU\/s1600\/aaaotradescuestradores.jpg\" imageanchor=\"1\" style=\"margin-left: 1em; margin-right: 1em;\"><img loading=\"lazy\" decoding=\"async\" border=\"0\" height=\"240\" src=\"http:\/\/formalprision.com\/wp-content\/uploads\/2012\/05\/aaaotradescuestradores.jpg\" width=\"320\" \/><\/a><\/div>\n<div class=\"MsoNormal\" style=\"background: white; line-height: 19.2pt; margin-bottom: .0001pt; margin-bottom: 0cm; text-align: justify;\">Dos empresarios del Estado de M\u00e9xico secuestrados en M\u00e9rida fueron rescatados con vida en la madrugada en una casa de seguridad de Residencial Pensiones.<\/div>\n<div class=\"MsoNormal\" style=\"background: white; line-height: 19.2pt; margin-bottom: .0001pt; margin-bottom: 0cm; text-align: justify;\">Cinco secuestradores, oriundos de Veracruz, fueron detenidos por agentes de la Polic\u00eda Federal y de la Secretar\u00eda de Seguridad P\u00fablica.<\/div>\n<div class=\"MsoNormal\" style=\"background: white; line-height: 19.2pt; margin-bottom: .0001pt; margin-bottom: 0cm; text-align: justify;\">El \u00fanico yucateco de esta banda se suicid\u00f3 de un balazo cuando se dio cuenta que ya no ten\u00eda escapatoria y que ser\u00eda detenido.<\/div>\n<div class=\"MsoNormal\" style=\"background: white; line-height: 19.2pt; margin-bottom: .0001pt; margin-bottom: 0cm; text-align: justify;\">Sin embargo, el cabecilla de la banda huy\u00f3 antes de que llegara la polic\u00eda, aunque ha sido identificado y ya se le busca en varios lugares.<\/div>\n<div class=\"MsoNormal\" style=\"background: white; line-height: 19.2pt; margin-bottom: .0001pt; margin-bottom: 0cm; text-align: justify;\">Los dos secuestrados dijeron ser empresarios del Estado de M\u00e9xico y se\u00f1alaron que fueron \u201clevantados\u201d el viernes.<\/div>\n<div class=\"MsoNormal\" style=\"background: white; line-height: 19.2pt; margin-bottom: .0001pt; margin-bottom: 0cm; text-align: justify;\">Afirmaron que fueron torturados y golpeados en la casa de seguridad en la que los ten\u00edan, por lo que agradecieron p\u00fablicamente el trabajo de la PF y de la SSP.<\/div>\n<div class=\"MsoNormal\" style=\"background: white; line-height: 19.2pt; margin-bottom: .0001pt; margin-bottom: 0cm; text-align: justify;\">Por ellos, los secuestradores ped\u00edan $20 millones a sus familiares, quienes pidieron ayuda a la polic\u00eda yucateca.<\/div>\n<div class=\"MsoNormal\" style=\"background: white; line-height: 19.2pt; margin-bottom: .0001pt; margin-bottom: 0cm; text-align: justify;\">Los agentes federales y estatales realizaron investigaciones en varios lados y realizaron operativos en Chuburn\u00e1, Francisco de Montejo y otras partes de la ciudad, hasta que anoche dieron con los secuestrados y sus captures en una casa de la calle 70 con 13 Diagonal 1 de Pensiones.<\/div>\n<div class=\"MsoNormal\" style=\"background: white; line-height: 19.2pt; margin-bottom: .0001pt; margin-bottom: 0cm; text-align: justify;\">Luego de su captura, los delincuentes fueron entregados a la Fiscal\u00eda en su edificio del Perif\u00e9rico, a donde tambi\u00e9n fueron llevadas las v\u00edctimas para que denunciaran.<\/div>\n<div class=\"MsoNormal\" style=\"background: white; line-height: 19.2pt; margin-bottom: .0001pt; margin-bottom: 0cm; text-align: justify;\">Uno de los involucrados era empleado de uno de los empresarios secuestrados y fue quien dio informaci\u00f3n&nbsp; a sus c\u00f3mplices para llevar a cabo el secuestro.<\/div>\n<div class=\"MsoNormal\" style=\"background: white; line-height: 19.2pt; margin-bottom: 3.75pt; text-align: justify;\">Entre los detenidos figuran Enrique Ort\u00edz Garc\u00eda, Edgar Eduardo Vega Garc\u00eda, alias \u00abEl Borrego\u00bb quien es ejecutivo de ventas de Banamex, y Henry Moguel Jim\u00e9nez.<\/div>\n<div class=\"MsoNormal\">El cabecilla de la banda, Javier Francisco Sanabria Flores, originario de Veracruz, se encuentra pr\u00f3fugo.<\/div>\n<div class=\"MsoNormal\"><\/div>\n","protected":false},"excerpt":{"rendered":"<p>Dos empresarios del Estado de M\u00e9xico secuestrados en M\u00e9rida fueron rescatados con vida en la madrugada en una casa de seguridad de Residencial Pensiones. Cinco secuestradores, oriundos de Veracruz, fueron<\/p>\n","protected":false},"author":1,"featured_media":24079,"comment_status":"open","ping_status":"open","sticky":false,"template":"","format":"standard","meta":{"jetpack_post_was_ever_published":false,"_jetpack_newsletter_access":"","_jetpack_dont_email_post_to_subs":false,"_jetpack_newsletter_tier_id":0,"_jetpack_memberships_contains_paywalled_content":false,"_jetpack_memberships_contains_paid_content":false,"footnotes":"","jetpack_publicize_message":"","jetpack_publicize_feature_enabled":true,"jetpack_social_post_already_shared":false,"jetpack_social_options":{"image_generator_settings":{"template":"highway","default_image_id":0,"font":"","enabled":false},"version":2}},"categories":[45,3,58,1],"tags":[],"class_list":["post-6991","post","type-post","status-publish","format-standard","has-post-thumbnail","hentry","category-delincuentes-vip","category-portada","category-rescates","category-sin-categoria"],"jetpack_publicize_connections":[],"jetpack_featured_media_url":"https:\/\/formalprision.com\/wp-content\/uploads\/2012\/05\/aaaotradescuestradores.jpg","jetpack_sharing_enabled":true,"jetpack_shortlink":"https:\/\/wp.me\/p6id8p-1OL","_links":{"self":[{"href":"https:\/\/formalprision.com\/index.php?rest_route=\/wp\/v2\/posts\/6991","targetHints":{"allow":["GET"]}}],"collection":[{"href":"https:\/\/formalprision.com\/index.php?rest_route=\/wp\/v2\/posts"}],"about":[{"href":"https:\/\/formalprision.com\/index.php?rest_route=\/wp\/v2\/types\/post"}],"author":[{"embeddable":true,"href":"https:\/\/formalprision.com\/index.php?rest_route=\/wp\/v2\/users\/1"}],"replies":[{"embeddable":true,"href":"https:\/\/formalprision.com\/index.php?rest_route=%2Fwp%2Fv2%2Fcomments&post=6991"}],"version-history":[{"count":0,"href":"https:\/\/formalprision.com\/index.php?rest_route=\/wp\/v2\/posts\/6991\/revisions"}],"wp:featuredmedia":[{"embeddable":true,"href":"https:\/\/formalprision.com\/index.php?rest_route=\/wp\/v2\/media\/24079"}],"wp:attachment":[{"href":"https:\/\/formalprision.com\/index.php?rest_route=%2Fwp%2Fv2%2Fmedia&parent=6991"}],"wp:term":[{"taxonomy":"category","embeddable":true,"href":"https:\/\/formalprision.com\/index.php?rest_route=%2Fwp%2Fv2%2Fcategories&post=6991"},{"taxonomy":"post_tag","embeddable":true,"href":"https:\/\/formalprision.com\/index.php?rest_route=%2Fwp%2Fv2%2Ftags&post=6991"}],"curies":[{"name":"wp","href":"https:\/\/api.w.org\/{rel}","templated":true}]}}