{"id":6995,"date":"2012-05-03T23:03:00","date_gmt":"2012-05-03T23:03:00","guid":{"rendered":"http:\/\/formalprision.info\/2012\/05\/03\/distincion-por-la-seguridad-en-yucatan\/"},"modified":"2015-06-03T08:52:23","modified_gmt":"2015-06-03T08:52:23","slug":"distincion-por-la-seguridad-en-yucatan","status":"publish","type":"post","link":"https:\/\/formalprision.com\/?p=6995","title":{"rendered":"Distinci\u00f3n por la seguridad en Yucat\u00e1n"},"content":{"rendered":"<p><\/p>\n<div class=\"separator\" style=\"clear: both; text-align: center;\"><a href=\"http:\/\/2.bp.blogspot.com\/-W5AmmihlzuI\/T6RDcq_OGmI\/AAAAAAAAGuA\/KU5luMMXu9Y\/s1600\/aaaaescudo+de+la+fiscalia.jpg\" imageanchor=\"1\" style=\"margin-left: 1em; margin-right: 1em;\"><img loading=\"lazy\" decoding=\"async\" border=\"0\" height=\"318\" src=\"http:\/\/formalprision.com\/wp-content\/uploads\/2012\/05\/aaaaescudo-de-la-fiscalia3.jpg\" width=\"320\" \/><\/a><\/div>\n<pre>La seguridad es un tema que requiere atenci\u00f3n, entrega, inversi\u00f3n, capacitaci\u00f3n ytodos estos esfuerzos se est\u00e1n haciendo en Yucat\u00e1n, por lo que reconocemos esa lucha diaria contra la delincuencia, afirm\u00f3 I\u00f1aki Oses Zurbano, presidente de la Asociaci\u00f3n de Consejeros, Agregados, Enlaces de Polic\u00eda y Seguridad, que agrupa a diplom\u00e1ticos de 11 pa\u00edses. <\/pre>\n<pre>Ante la gobernadora Ivonne Ortega Pacheco, hoy se entreg\u00f3 la distinci\u00f3n internacional: Medalla de Primera Clase \"Estrella de Honor\" a la Fiscal\u00eda General del Estado de Yucat\u00e1n (FGE), que avala el trabajo de capacitaci\u00f3n constante de sus elementos y su compromiso por mantener a la entidad como la m\u00e1s segura de M\u00e9xico.&nbsp; <br \/>En la ceremonia, efectuada en el teatro \"Jos\u00e9 Pe\u00f3n Contreras\", el titular de la FGE, H\u00e9ctor Cabrera Rivero recibi\u00f3 la alta condecoraci\u00f3n de manos del presidente de la citada organizaci\u00f3n internacional, en evento al que asistieron diplom\u00e1ticos de pa\u00edses de Europa y Am\u00e9rica Latina. <br \/>La Asociaci\u00f3n de Consejeros, Agregados, Enlaces de Polic\u00eda y Seguridad, que promueve esta distinci\u00f3n, agrupa a ministros del Interior de las Embajadas de Francia,Israel, Reino Unido, Espa\u00f1a, Canad\u00e1, Ecuador, Argentina, Chile, Colombia, Estados Unidos de Norteam\u00e9rica y M\u00e9xico. <br \/>Ante diplom\u00e1ticos de diversas naciones, el funcionario estatal recibi\u00f3 la presea, mientras los asistentes al acto premiaban con una ovaci\u00f3n de pie el trabajo del funcionario estatal. <br \/>En el acto, Cabrera Rivero afirm\u00f3 que en Yucat\u00e1n la impartici\u00f3n de justicia se basa en la confianza de los ciudadanos hacia las corporaciones de seguridad, lo que ha permitido la prevalencia de la paz en este lugar. <br \/>&nbsp;\"Hoy en la entidad existen las bases para garantizar la tranquilidad de los ciudadanos, somos un estado donde se tiene confianza en los cuerpos policiacos y en los mecanismos de impartici\u00f3n de justicia; desde que tomamos esta responsabilidad trabajamos en sellar las fronteras y procurar que nuestros ni\u00f1os jam\u00e1s toquen un arma\", mencion\u00f3. <br \/>Estuvieron presentes, &nbsp;el vicepresidente de la Asociaci\u00f3n que otorga el galard\u00f3n,J\u00f6el Rouchon; &nbsp;el C\u00f3nsul Honorario de Francia, Mario Ancona Teigell y el C\u00f3nsul de Estados Unidos, Gregory Segas. <br \/>Asimismo, el presidente del Tribunal Superior de Justicia de Yucat\u00e1n, Marcos Celis Quintal; el presidente de la Junta de Gobierno y Coordinaci\u00f3n Pol\u00edtica del Congreso Estatal, V\u00edctor Caballero Dur\u00e1n y el alcalde de M\u00e9rida, \u00c1lvaro Omar Lara Pacheco. <br \/>&nbsp; <\/pre>\n","protected":false},"excerpt":{"rendered":"<p>La seguridad es un tema que requiere atenci\u00f3n, entrega, inversi\u00f3n, capacitaci\u00f3n ytodos estos esfuerzos se est\u00e1n haciendo en Yucat\u00e1n, por lo que reconocemos esa lucha diaria contra la delincuencia, afirm\u00f3<\/p>\n","protected":false},"author":1,"featured_media":24087,"comment_status":"open","ping_status":"open","sticky":false,"template":"","format":"standard","meta":{"jetpack_post_was_ever_published":false,"_jetpack_newsletter_access":"","_jetpack_dont_email_post_to_subs":false,"_jetpack_newsletter_tier_id":0,"_jetpack_memberships_contains_paywalled_content":false,"_jetpack_memberships_contains_paid_content":false,"footnotes":"","jetpack_publicize_message":"","jetpack_publicize_feature_enabled":true,"jetpack_social_post_already_shared":false,"jetpack_social_options":{"image_generator_settings":{"template":"highway","default_image_id":0,"font":"","enabled":false},"version":2}},"categories":[3,1,49],"tags":[],"class_list":["post-6995","post","type-post","status-publish","format-standard","has-post-thumbnail","hentry","category-portada","category-sin-categoria","category-tocho-morocho"],"jetpack_publicize_connections":[],"jetpack_featured_media_url":"https:\/\/formalprision.com\/wp-content\/uploads\/2012\/05\/aaaaescudo-de-la-fiscalia3.jpg","jetpack_sharing_enabled":true,"jetpack_shortlink":"https:\/\/wp.me\/p6id8p-1OP","_links":{"self":[{"href":"https:\/\/formalprision.com\/index.php?rest_route=\/wp\/v2\/posts\/6995","targetHints":{"allow":["GET"]}}],"collection":[{"href":"https:\/\/formalprision.com\/index.php?rest_route=\/wp\/v2\/posts"}],"about":[{"href":"https:\/\/formalprision.com\/index.php?rest_route=\/wp\/v2\/types\/post"}],"author":[{"embeddable":true,"href":"https:\/\/formalprision.com\/index.php?rest_route=\/wp\/v2\/users\/1"}],"replies":[{"embeddable":true,"href":"https:\/\/formalprision.com\/index.php?rest_route=%2Fwp%2Fv2%2Fcomments&post=6995"}],"version-history":[{"count":0,"href":"https:\/\/formalprision.com\/index.php?rest_route=\/wp\/v2\/posts\/6995\/revisions"}],"wp:featuredmedia":[{"embeddable":true,"href":"https:\/\/formalprision.com\/index.php?rest_route=\/wp\/v2\/media\/24087"}],"wp:attachment":[{"href":"https:\/\/formalprision.com\/index.php?rest_route=%2Fwp%2Fv2%2Fmedia&parent=6995"}],"wp:term":[{"taxonomy":"category","embeddable":true,"href":"https:\/\/formalprision.com\/index.php?rest_route=%2Fwp%2Fv2%2Fcategories&post=6995"},{"taxonomy":"post_tag","embeddable":true,"href":"https:\/\/formalprision.com\/index.php?rest_route=%2Fwp%2Fv2%2Ftags&post=6995"}],"curies":[{"name":"wp","href":"https:\/\/api.w.org\/{rel}","templated":true}]}}