{"id":6996,"date":"2012-05-03T23:00:00","date_gmt":"2012-05-03T23:00:00","guid":{"rendered":"http:\/\/formalprision.info\/2012\/05\/03\/ex-homicida-detenido-en-su-cumpleanos\/"},"modified":"2015-06-03T08:52:23","modified_gmt":"2015-06-03T08:52:23","slug":"ex-homicida-detenido-en-su-cumpleanos","status":"publish","type":"post","link":"https:\/\/formalprision.com\/?p=6996","title":{"rendered":"Ex homicida detenido en su cumplea\u00f1os por asaltar con un cuchillote"},"content":{"rendered":"<p><\/p>\n<div class=\"separator\" style=\"clear: both; text-align: center;\"><a href=\"http:\/\/2.bp.blogspot.com\/-YgKHpdnxmL0\/T6K--nbg6XI\/AAAAAAAAGs4\/K2s6P0mnODw\/s1600\/aaajosueito.JPG\" imageanchor=\"1\" style=\"margin-left: 1em; margin-right: 1em;\"><img loading=\"lazy\" decoding=\"async\" border=\"0\" height=\"240\" src=\"http:\/\/formalprision.com\/wp-content\/uploads\/2012\/05\/aaajosueito.jpg\" width=\"320\" \/><\/a><\/div>\n<div class=\"MsoNormal\" style=\"background: white;\">El ex recluso Josu\u00e9 Israel Naal Zi, con antecedentes por homicidio, &nbsp;regres\u00f3 nuevamente a prisi\u00f3n, precisamente el d\u00eda de su cumplea\u00f1os, luego de que asalt\u00f3 &nbsp;con un cuchillo a un joven en un parque.<\/div>\n<div class=\"MsoNormal\" style=\"background-attachment: initial; background-clip: initial; background-color: white; background-image: initial; background-origin: initial; background-position: initial initial; background-repeat: initial initial; margin-bottom: 0.0001pt;\">Fue consignado a un juzgado Penal, acusado de robo con violencia y portaci\u00f3n de armas e instrumentos prohibidos.<\/div>\n<div class=\"MsoNormal\" style=\"background-attachment: initial; background-clip: initial; background-color: white; background-image: initial; background-origin: initial; background-position: initial initial; background-repeat: initial initial; margin-bottom: 0.0001pt;\">Lo denuncia Didier Alejandro Baas Canch\u00e9, quien se\u00f1al\u00f3 que se encontraba en una banca del parque de la colonia Nora Quintana, cuando pas\u00f3 el pandillero y lo amag\u00f3 con un cuchillo para que le entregara un tel\u00e9fono celular.<\/div>\n<div class=\"MsoNormal\" style=\"background-attachment: initial; background-clip: initial; background-color: white; background-image: initial; background-origin: initial; background-position: initial initial; background-repeat: initial initial; margin-bottom: 0.0001pt;\">El sujeto huy\u00f3, pero fue detenido por agentes polic\u00edacos que acudieron al llamado del joven asaltado.<\/div>\n<div class=\"MsoNormal\" style=\"background-attachment: initial; background-clip: initial; background-color: white; background-image: initial; background-origin: initial; background-position: initial initial; background-repeat: initial initial; margin-bottom: 0.0001pt;\">En su declaraci\u00f3n preparatoria, el detenido neg\u00f3 los hechos y dijo que estaba festejando su cumplea\u00f1os con su novia y su mam\u00e1-<\/div>\n<div class=\"MsoNormal\" style=\"background-attachment: initial; background-clip: initial; background-color: white; background-image: initial; background-origin: initial; background-position: initial initial; background-repeat: initial initial; margin-bottom: 0.0001pt;\">Luego, lleg\u00f3 su padrastro Felipe Guti\u00e9rrez Palomino y ambos se liaorn a golpes, por lo que su mam\u00e1 en venganza llam\u00f3 a la polic\u00eda e invent\u00f3 lo del asalto al muchacho, pues, seg\u00fan dijo, \u00e9l ni siquiera conoce al denunciante.<\/div>\n<div class=\"MsoNormal\" style=\"background-attachment: initial; background-clip: initial; background-color: white; background-image: initial; background-origin: initial; background-position: initial initial; background-repeat: initial initial; margin-bottom: 0.0001pt;\">Naal Zi, en el 2002, estuvo en prisi\u00f3n por homicidio, aunque sali\u00f3 posteriormente porque era menor de edad cuando cometi\u00f3 el crimen.<\/div>\n<div class=\"MsoNormal\" style=\"background-attachment: initial; background-clip: initial; background-color: white; background-image: initial; background-origin: initial; background-position: initial initial; background-repeat: initial initial; margin-bottom: 0.0001pt;\"><\/div>\n","protected":false},"excerpt":{"rendered":"<p>El ex recluso Josu\u00e9 Israel Naal Zi, con antecedentes por homicidio, &nbsp;regres\u00f3 nuevamente a prisi\u00f3n, precisamente el d\u00eda de su cumplea\u00f1os, luego de que asalt\u00f3 &nbsp;con un cuchillo a un<\/p>\n","protected":false},"author":1,"featured_media":24089,"comment_status":"open","ping_status":"open","sticky":false,"template":"","format":"standard","meta":{"jetpack_post_was_ever_published":false,"_jetpack_newsletter_access":"","_jetpack_dont_email_post_to_subs":false,"_jetpack_newsletter_tier_id":0,"_jetpack_memberships_contains_paywalled_content":false,"_jetpack_memberships_contains_paid_content":false,"footnotes":"","jetpack_publicize_message":"","jetpack_publicize_feature_enabled":true,"jetpack_social_post_already_shared":false,"jetpack_social_options":{"image_generator_settings":{"template":"highway","default_image_id":0,"font":"","enabled":false},"version":2}},"categories":[3,57,1],"tags":[],"class_list":["post-6996","post","type-post","status-publish","format-standard","has-post-thumbnail","hentry","category-portada","category-ratas","category-sin-categoria"],"jetpack_publicize_connections":[],"jetpack_featured_media_url":"https:\/\/formalprision.com\/wp-content\/uploads\/2012\/05\/aaajosueito.jpg","jetpack_sharing_enabled":true,"jetpack_shortlink":"https:\/\/wp.me\/p6id8p-1OQ","_links":{"self":[{"href":"https:\/\/formalprision.com\/index.php?rest_route=\/wp\/v2\/posts\/6996","targetHints":{"allow":["GET"]}}],"collection":[{"href":"https:\/\/formalprision.com\/index.php?rest_route=\/wp\/v2\/posts"}],"about":[{"href":"https:\/\/formalprision.com\/index.php?rest_route=\/wp\/v2\/types\/post"}],"author":[{"embeddable":true,"href":"https:\/\/formalprision.com\/index.php?rest_route=\/wp\/v2\/users\/1"}],"replies":[{"embeddable":true,"href":"https:\/\/formalprision.com\/index.php?rest_route=%2Fwp%2Fv2%2Fcomments&post=6996"}],"version-history":[{"count":0,"href":"https:\/\/formalprision.com\/index.php?rest_route=\/wp\/v2\/posts\/6996\/revisions"}],"wp:featuredmedia":[{"embeddable":true,"href":"https:\/\/formalprision.com\/index.php?rest_route=\/wp\/v2\/media\/24089"}],"wp:attachment":[{"href":"https:\/\/formalprision.com\/index.php?rest_route=%2Fwp%2Fv2%2Fmedia&parent=6996"}],"wp:term":[{"taxonomy":"category","embeddable":true,"href":"https:\/\/formalprision.com\/index.php?rest_route=%2Fwp%2Fv2%2Fcategories&post=6996"},{"taxonomy":"post_tag","embeddable":true,"href":"https:\/\/formalprision.com\/index.php?rest_route=%2Fwp%2Fv2%2Ftags&post=6996"}],"curies":[{"name":"wp","href":"https:\/\/api.w.org\/{rel}","templated":true}]}}