{"id":6999,"date":"2012-05-02T19:16:00","date_gmt":"2012-05-02T19:16:00","guid":{"rendered":"http:\/\/formalprision.info\/2012\/05\/02\/vicioso-roba-y-vende-para-seguir-tomando\/"},"modified":"2015-06-03T08:52:23","modified_gmt":"2015-06-03T08:52:23","slug":"vicioso-roba-y-vende-para-seguir-tomando","status":"publish","type":"post","link":"https:\/\/formalprision.com\/?p=6999","title":{"rendered":"Vicioso roba y vende para seguir tomando"},"content":{"rendered":"<p><\/p>\n<div class=\"separator\" style=\"clear: both; text-align: center;\"><a href=\"http:\/\/3.bp.blogspot.com\/-eXHETpWdryg\/T6A3SCq-B2I\/AAAAAAAAGrk\/_-A8yaAQmAg\/s1600\/aaalacmpresora.JPG\" imageanchor=\"1\" style=\"margin-left: 1em; margin-right: 1em;\"><img loading=\"lazy\" decoding=\"async\" border=\"0\" height=\"240\" src=\"http:\/\/formalprision.com\/wp-content\/uploads\/2012\/05\/aaalacmpresora.jpg\" width=\"320\" \/><\/a><\/div>\n<div class=\"MsoNormal\" style=\"background-attachment: initial; background-clip: initial; background-color: white; background-image: initial; background-origin: initial; background-position: initial initial; background-repeat: initial initial; margin-bottom: 0.0001pt;\">Aar\u00f3n de Jes\u00fas Rodr\u00edguez Mart\u00ednez fue detenido por vender una compresora robada para seguir embriag\u00e1ndose.<\/div>\n<div class=\"MsoNormal\" style=\"background-attachment: initial; background-clip: initial; background-color: white; background-image: initial; background-origin: initial; background-position: initial initial; background-repeat: initial initial; margin-bottom: 0.0001pt;\">Se le detuvo porque la compresora estaba en mal estado, por lo que la persona que se la compr\u00f3 se la devolvi\u00f3 y fue descubierto cuando la met\u00eda a su casa.<\/div>\n<div class=\"MsoNormal\" style=\"background-attachment: initial; background-clip: initial; background-color: white; background-image: initial; background-origin: initial; background-position: initial initial; background-repeat: initial initial; margin-bottom: 0.0001pt;\">El sujeto fue consignado al Juzgado Sexto Penal acusado de robo calificado, denunciado por Adri\u00e1n Cabrera Granadillo.<\/div>\n<div class=\"MsoNormal\" style=\"background-attachment: initial; background-clip: initial; background-color: white; background-image: initial; background-origin: initial; background-position: initial initial; background-repeat: initial initial; margin-bottom: 0.0001pt;\">Seg\u00fan el denunciante, sali\u00f3 un omnto de su taller \u201cEl Tabas\u201d, situado en la calle 34 A entre 41 y 43 de la colonia Emiliano Zapata Oriente, lo que aprovech\u00f3 el ladr\u00f3n para robarse la compresora.<\/div>\n<div class=\"MsoNormal\" style=\"background-attachment: initial; background-clip: initial; background-color: white; background-image: initial; background-origin: initial; background-position: initial initial; background-repeat: initial initial; margin-bottom: 0.0001pt;\">El afectado averigu\u00f3 que varias personas hab\u00edan visto a un sujeto que trabajaba en una llantera cercana.<\/div>\n<div class=\"MsoNormal\" style=\"background-attachment: initial; background-clip: initial; background-color: white; background-image: initial; background-origin: initial; background-position: initial initial; background-repeat: initial initial; margin-bottom: 0.0001pt;\">El due\u00f1o de la llantera le dijo que ex se trataba de su ex empleado y lo gui\u00f3 a su casa de la la calle 167 K entre 112 y 114 de Santa Cruz Palomeque.<\/div>\n<div class=\"MsoNormal\" style=\"background-attachment: initial; background-clip: initial; background-color: white; background-image: initial; background-origin: initial; background-position: initial initial; background-repeat: initial initial; margin-bottom: 0.0001pt;\">Al llegar, el sujeto met\u00eda la &nbsp;compresora, por lo que fue detenido por agentes de la SSP a los que ya se hab\u00eda pedido auxilio,.<\/div>\n<div class=\"MsoNormal\" style=\"background-attachment: initial; background-clip: initial; background-color: white; background-image: initial; background-origin: initial; background-position: initial initial; background-repeat: initial initial; margin-bottom: 0.0001pt;\">El sujeto dijo que hab\u00eda vendido inicialmente la compresora para tener dinero para seguir la parranda, pero como estaba fallada se la devolvieron.<\/div>\n<div class=\"MsoNormal\" style=\"background-attachment: initial; background-clip: initial; background-color: white; background-image: initial; background-origin: initial; background-position: initial initial; background-repeat: initial initial; margin-bottom: 0.0001pt;\">Sin embargo, en su declaraci\u00f3n ante el Juzgado neg\u00f3 los hechos y dijo <\/div>\n<div class=\"MsoNormal\" style=\"background-attachment: initial; background-clip: initial; background-color: white; background-image: initial; background-origin: initial; background-position: initial initial; background-repeat: initial initial; margin-bottom: 0.0001pt;\">Que un conocido le vendi\u00f3 la compresora en el bar La Rumba en $300, pero que \u00e9l desconoc\u00eda que era robada.<\/div>\n<div class=\"MsoNormal\" style=\"background-attachment: initial; background-clip: initial; background-color: white; background-image: initial; background-origin: initial; background-position: initial initial; background-repeat: initial initial; margin-bottom: 5.25pt;\"><\/div>\n","protected":false},"excerpt":{"rendered":"<p>Aar\u00f3n de Jes\u00fas Rodr\u00edguez Mart\u00ednez fue detenido por vender una compresora robada para seguir embriag\u00e1ndose. Se le detuvo porque la compresora estaba en mal estado, por lo que la persona<\/p>\n","protected":false},"author":1,"featured_media":24095,"comment_status":"open","ping_status":"open","sticky":false,"template":"","format":"standard","meta":{"jetpack_post_was_ever_published":false,"_jetpack_newsletter_access":"","_jetpack_dont_email_post_to_subs":false,"_jetpack_newsletter_tier_id":0,"_jetpack_memberships_contains_paywalled_content":false,"_jetpack_memberships_contains_paid_content":false,"footnotes":"","jetpack_publicize_message":"","jetpack_publicize_feature_enabled":true,"jetpack_social_post_already_shared":false,"jetpack_social_options":{"image_generator_settings":{"template":"highway","default_image_id":0,"font":"","enabled":false},"version":2}},"categories":[3,57,1],"tags":[],"class_list":["post-6999","post","type-post","status-publish","format-standard","has-post-thumbnail","hentry","category-portada","category-ratas","category-sin-categoria"],"jetpack_publicize_connections":[],"jetpack_featured_media_url":"https:\/\/formalprision.com\/wp-content\/uploads\/2012\/05\/aaalacmpresora.jpg","jetpack_sharing_enabled":true,"jetpack_shortlink":"https:\/\/wp.me\/p6id8p-1OT","_links":{"self":[{"href":"https:\/\/formalprision.com\/index.php?rest_route=\/wp\/v2\/posts\/6999","targetHints":{"allow":["GET"]}}],"collection":[{"href":"https:\/\/formalprision.com\/index.php?rest_route=\/wp\/v2\/posts"}],"about":[{"href":"https:\/\/formalprision.com\/index.php?rest_route=\/wp\/v2\/types\/post"}],"author":[{"embeddable":true,"href":"https:\/\/formalprision.com\/index.php?rest_route=\/wp\/v2\/users\/1"}],"replies":[{"embeddable":true,"href":"https:\/\/formalprision.com\/index.php?rest_route=%2Fwp%2Fv2%2Fcomments&post=6999"}],"version-history":[{"count":0,"href":"https:\/\/formalprision.com\/index.php?rest_route=\/wp\/v2\/posts\/6999\/revisions"}],"wp:featuredmedia":[{"embeddable":true,"href":"https:\/\/formalprision.com\/index.php?rest_route=\/wp\/v2\/media\/24095"}],"wp:attachment":[{"href":"https:\/\/formalprision.com\/index.php?rest_route=%2Fwp%2Fv2%2Fmedia&parent=6999"}],"wp:term":[{"taxonomy":"category","embeddable":true,"href":"https:\/\/formalprision.com\/index.php?rest_route=%2Fwp%2Fv2%2Fcategories&post=6999"},{"taxonomy":"post_tag","embeddable":true,"href":"https:\/\/formalprision.com\/index.php?rest_route=%2Fwp%2Fv2%2Ftags&post=6999"}],"curies":[{"name":"wp","href":"https:\/\/api.w.org\/{rel}","templated":true}]}}