{"id":7002,"date":"2012-05-02T12:55:00","date_gmt":"2012-05-02T12:55:00","guid":{"rendered":"http:\/\/formalprision.info\/2012\/05\/02\/voraz-incendio-en-varios-comercios-de\/"},"modified":"2015-06-03T08:52:24","modified_gmt":"2015-06-03T08:52:24","slug":"voraz-incendio-en-varios-comercios-de","status":"publish","type":"post","link":"https:\/\/formalprision.com\/?p=7002","title":{"rendered":"Voraz incendio  en varios comercios del centro de M\u00e9rida"},"content":{"rendered":"<p><\/p>\n<div class=\"separator\" style=\"clear: both; text-align: center;\"><a href=\"http:\/\/1.bp.blogspot.com\/-hG_9y56ahHU\/T6EueP5BLrI\/AAAAAAAAGr8\/JraU_RODI-I\/s1600\/saiden+escudo.jpg\" imageanchor=\"1\" style=\"margin-left: 1em; margin-right: 1em;\"><img loading=\"lazy\" decoding=\"async\" border=\"0\" height=\"227\" src=\"http:\/\/formalprision.com\/wp-content\/uploads\/2012\/05\/saiden-escudo4.jpg\" width=\"320\" \/><\/a><\/div>\n<div class=\"MsoNormal\">Un incendio registrado esta ma\u00f1ana en importante zona comercial del centro de M\u00e9rida moviliza a bomberos y polic\u00edas estatales y municipales.<\/div>\n<div class=\"MsoNormal\">El fuego, ocurrido frente al mercado del San Benito, alcanz\u00f3 varios comercios, seg\u00fan los primeros reportes, entre ellos una sucursal de la Farmacia San Mart\u00edn.<\/div>\n<div class=\"MsoNormal\">El fuego inici\u00f3 a eso de las 7 de la ma\u00f1ana en la calle 54 entre 67 y 69, frente al mercado municipal San Benito.<\/div>\n<div class=\"MsoNormal\">Las calles fueron cerradas a la ciruclaci\u00f3nv ehicular cuadras a la redonda y se impidi\u00f3 elpaso peatonal en la zona.<\/div>\n<div class=\"MsoNormal\">Varias unidades de los bomberos, polic\u00edas, param\u00e9dicos yd e Protecci\u00f3n Civil est\u00e1n en el lugar combatiendo el fuego.<\/div>\n","protected":false},"excerpt":{"rendered":"<p>Un incendio registrado esta ma\u00f1ana en importante zona comercial del centro de M\u00e9rida moviliza a bomberos y polic\u00edas estatales y municipales. El fuego, ocurrido frente al mercado del San Benito,<\/p>\n","protected":false},"author":1,"featured_media":24101,"comment_status":"open","ping_status":"open","sticky":false,"template":"","format":"standard","meta":{"jetpack_post_was_ever_published":false,"_jetpack_newsletter_access":"","_jetpack_dont_email_post_to_subs":false,"_jetpack_newsletter_tier_id":0,"_jetpack_memberships_contains_paywalled_content":false,"_jetpack_memberships_contains_paid_content":false,"footnotes":"","jetpack_publicize_message":"","jetpack_publicize_feature_enabled":true,"jetpack_social_post_already_shared":false,"jetpack_social_options":{"image_generator_settings":{"template":"highway","default_image_id":0,"font":"","enabled":false},"version":2}},"categories":[56,3,1],"tags":[],"class_list":["post-7002","post","type-post","status-publish","format-standard","has-post-thumbnail","hentry","category-incendios","category-portada","category-sin-categoria"],"jetpack_publicize_connections":[],"jetpack_featured_media_url":"https:\/\/formalprision.com\/wp-content\/uploads\/2012\/05\/saiden-escudo4.jpg","jetpack_sharing_enabled":true,"jetpack_shortlink":"https:\/\/wp.me\/p6id8p-1OW","_links":{"self":[{"href":"https:\/\/formalprision.com\/index.php?rest_route=\/wp\/v2\/posts\/7002","targetHints":{"allow":["GET"]}}],"collection":[{"href":"https:\/\/formalprision.com\/index.php?rest_route=\/wp\/v2\/posts"}],"about":[{"href":"https:\/\/formalprision.com\/index.php?rest_route=\/wp\/v2\/types\/post"}],"author":[{"embeddable":true,"href":"https:\/\/formalprision.com\/index.php?rest_route=\/wp\/v2\/users\/1"}],"replies":[{"embeddable":true,"href":"https:\/\/formalprision.com\/index.php?rest_route=%2Fwp%2Fv2%2Fcomments&post=7002"}],"version-history":[{"count":0,"href":"https:\/\/formalprision.com\/index.php?rest_route=\/wp\/v2\/posts\/7002\/revisions"}],"wp:featuredmedia":[{"embeddable":true,"href":"https:\/\/formalprision.com\/index.php?rest_route=\/wp\/v2\/media\/24101"}],"wp:attachment":[{"href":"https:\/\/formalprision.com\/index.php?rest_route=%2Fwp%2Fv2%2Fmedia&parent=7002"}],"wp:term":[{"taxonomy":"category","embeddable":true,"href":"https:\/\/formalprision.com\/index.php?rest_route=%2Fwp%2Fv2%2Fcategories&post=7002"},{"taxonomy":"post_tag","embeddable":true,"href":"https:\/\/formalprision.com\/index.php?rest_route=%2Fwp%2Fv2%2Ftags&post=7002"}],"curies":[{"name":"wp","href":"https:\/\/api.w.org\/{rel}","templated":true}]}}