{"id":7012,"date":"2012-04-28T02:12:00","date_gmt":"2012-04-28T02:12:00","guid":{"rendered":"http:\/\/formalprision.info\/2012\/04\/28\/aparece-ex-mozo-de-wafe-kuri-y-declara\/"},"modified":"2015-06-03T08:52:27","modified_gmt":"2015-06-03T08:52:27","slug":"aparece-ex-mozo-de-wafe-kuri-y-declara","status":"publish","type":"post","link":"https:\/\/formalprision.com\/?p=7012","title":{"rendered":"Aparece ex mozo de Waf\u00e9 Kuri  y declara ante el juez"},"content":{"rendered":"<p><\/p>\n<div class=\"separator\" style=\"clear: both; text-align: center;\"><a href=\"http:\/\/4.bp.blogspot.com\/-jyCFCgAYhHY\/T5tOvS7vFhI\/AAAAAAAAGqA\/LSbIvRC7z-U\/s1600\/aaawaflelines.JPG\" imageanchor=\"1\" style=\"margin-left: 1em; margin-right: 1em;\"><img loading=\"lazy\" decoding=\"async\" border=\"0\" height=\"240\" src=\"http:\/\/formalprision.com\/wp-content\/uploads\/2012\/04\/aaawaflelines.jpg\" width=\"320\" \/><\/a><\/div>\n<div class=\"MsoNormal\" style=\"background-attachment: initial; background-clip: initial; background-color: white; background-image: initial; background-origin: initial; background-position: initial initial; background-repeat: initial initial; margin-bottom: 0.0001pt;\">Luego de tres inasistencias, esta ma\u00f1ana compareci\u00f3 al fin ante un juez el ex mozo del empresario Waf\u00e9 Kuri Torre en el juicio que se sigue al empresario por la muerte de su esposa Rosa Mar\u00eda Arceo Ochoa.<\/div>\n<div class=\"MsoNormal\" style=\"background-attachment: initial; background-clip: initial; background-color: white; background-image: initial; background-origin: initial; background-position: initial initial; background-repeat: initial initial; margin-bottom: 0.0001pt;\">El &nbsp;mozo Miguel Uicab Naal habl\u00f3 sobre aspectos relacionados con la seguridad de la casa donde ocurrieron los hechos, en una diligencia&nbsp; que ambas partes consideraron como positiva.<\/div>\n<div class=\"MsoNormal\" style=\"background-attachment: initial; background-clip: initial; background-color: white; background-image: initial; background-origin: initial; background-position: initial initial; background-repeat: initial initial; margin-bottom: 0.0001pt;\">En la diligencia, el mozo dijo que \u201cBomb\u00f3n\u201d, un perro french que hab\u00eda en la casa, era cari\u00f1oso con propios y extra\u00f1os, incluso no acostumbraba a ladrar a la gente.<\/div>\n<div class=\"MsoNormal\" style=\"background-attachment: initial; background-clip: initial; background-color: white; background-image: initial; background-origin: initial; background-position: initial initial; background-repeat: initial initial; margin-bottom: 0.0001pt;\">La defensa de Kuri sostiene que el empresario no mat\u00f3 a su mujer, sino que fueron personas extra\u00f1as que entraron a la residencia aprovechando que la alarma estaba desconectada y que el perro era manso.<\/div>\n<div class=\"MsoNormal\" style=\"background-attachment: initial; background-clip: initial; background-color: white; background-image: initial; background-origin: initial; background-position: initial initial; background-repeat: initial initial; margin-bottom: 0.0001pt;\">Al testigo se le pregunt\u00f3 si el empresario recib\u00eda &nbsp;visitas de extra\u00f1os en su casa y dijo que los \u00fanicos que iban por cuestiones de trabajo eran el electricista, el plomero y el &nbsp;t\u00e9cnico del sistema de alarma.<\/div>\n<div class=\"MsoNormal\" style=\"background-attachment: initial; background-clip: initial; background-color: white; background-image: initial; background-origin: initial; background-position: initial initial; background-repeat: initial initial; margin-bottom: 0.0001pt;\">Manifest\u00f3 que el t\u00e9cnico de la alarma acudi\u00f3 por \u00faltima vez el 5 de diciembre del 2007, casi un mes antes del la muerte de la esposa de Waf\u00e9, registrada el 14 de enero de<\/div>\n<div class=\"MsoNormal\" style=\"background-attachment: initial; background-clip: initial; background-color: white; background-image: initial; background-origin: initial; background-position: initial initial; background-repeat: initial initial; margin-bottom: 0.0001pt;\">&nbsp;2008.<\/div>\n<div class=\"MsoNormal\" style=\"background-attachment: initial; background-clip: initial; background-color: white; background-image: initial; background-origin: initial; background-position: initial initial; background-repeat: initial initial; margin-bottom: 0.0001pt;\">El d\u00eda de los hechos, no estaba, y cuando lleg\u00f3 ya no lo dejaron entrar.<\/div>\n<div class=\"MsoNormal\" style=\"background-attachment: initial; background-clip: initial; background-color: white; background-image: initial; background-origin: initial; background-position: initial initial; background-repeat: initial initial; margin-bottom: 0.0001pt;\">Dijo que el matrimonio era muy ordenado y dijo no haber presenciado pleitos.<\/div>\n<div class=\"MsoNormal\" style=\"background-attachment: initial; background-clip: initial; background-color: white; background-image: initial; background-origin: initial; background-position: initial initial; background-repeat: initial initial; margin-bottom: 0.0001pt;\">Tambi\u00e9n se\u00f1al\u00f3 que no se percat\u00f3 que los aluminios de la ventana de la lavander\u00eda interior estuvieran forzados.<\/div>\n<div class=\"MsoNormal\" style=\"background-attachment: initial; background-clip: initial; background-color: white; background-image: initial; background-origin: initial; background-position: initial initial; background-repeat: initial initial; margin-bottom: 0.0001pt;\">Durante una inspecci\u00f3n ocular posterior a la muerte se descubri\u00f3 que la ventana estaba forzada por dentro.<\/div>\n<div class=\"MsoNormal\"><\/div>\n","protected":false},"excerpt":{"rendered":"<p>Luego de tres inasistencias, esta ma\u00f1ana compareci\u00f3 al fin ante un juez el ex mozo del empresario Waf\u00e9 Kuri Torre en el juicio que se sigue al empresario por la<\/p>\n","protected":false},"author":1,"featured_media":24121,"comment_status":"open","ping_status":"open","sticky":false,"template":"","format":"standard","meta":{"jetpack_post_was_ever_published":false,"_jetpack_newsletter_access":"","_jetpack_dont_email_post_to_subs":false,"_jetpack_newsletter_tier_id":0,"_jetpack_memberships_contains_paywalled_content":false,"_jetpack_memberships_contains_paid_content":false,"footnotes":"","jetpack_publicize_message":"","jetpack_publicize_feature_enabled":true,"jetpack_social_post_already_shared":false,"jetpack_social_options":{"image_generator_settings":{"template":"highway","default_image_id":0,"font":"","enabled":false},"version":2}},"categories":[1],"tags":[],"class_list":["post-7012","post","type-post","status-publish","format-standard","has-post-thumbnail","hentry","category-sin-categoria"],"jetpack_publicize_connections":[],"jetpack_featured_media_url":"https:\/\/formalprision.com\/wp-content\/uploads\/2012\/04\/aaawaflelines.jpg","jetpack_sharing_enabled":true,"jetpack_shortlink":"https:\/\/wp.me\/p6id8p-1P6","_links":{"self":[{"href":"https:\/\/formalprision.com\/index.php?rest_route=\/wp\/v2\/posts\/7012","targetHints":{"allow":["GET"]}}],"collection":[{"href":"https:\/\/formalprision.com\/index.php?rest_route=\/wp\/v2\/posts"}],"about":[{"href":"https:\/\/formalprision.com\/index.php?rest_route=\/wp\/v2\/types\/post"}],"author":[{"embeddable":true,"href":"https:\/\/formalprision.com\/index.php?rest_route=\/wp\/v2\/users\/1"}],"replies":[{"embeddable":true,"href":"https:\/\/formalprision.com\/index.php?rest_route=%2Fwp%2Fv2%2Fcomments&post=7012"}],"version-history":[{"count":0,"href":"https:\/\/formalprision.com\/index.php?rest_route=\/wp\/v2\/posts\/7012\/revisions"}],"wp:featuredmedia":[{"embeddable":true,"href":"https:\/\/formalprision.com\/index.php?rest_route=\/wp\/v2\/media\/24121"}],"wp:attachment":[{"href":"https:\/\/formalprision.com\/index.php?rest_route=%2Fwp%2Fv2%2Fmedia&parent=7012"}],"wp:term":[{"taxonomy":"category","embeddable":true,"href":"https:\/\/formalprision.com\/index.php?rest_route=%2Fwp%2Fv2%2Fcategories&post=7012"},{"taxonomy":"post_tag","embeddable":true,"href":"https:\/\/formalprision.com\/index.php?rest_route=%2Fwp%2Fv2%2Ftags&post=7012"}],"curies":[{"name":"wp","href":"https:\/\/api.w.org\/{rel}","templated":true}]}}