{"id":7015,"date":"2012-04-27T19:25:00","date_gmt":"2012-04-27T19:25:00","guid":{"rendered":"http:\/\/formalprision.info\/2012\/04\/27\/reportero-lesionado-al-derrapar-su-moto\/"},"modified":"2015-06-03T08:52:28","modified_gmt":"2015-06-03T08:52:28","slug":"reportero-lesionado-al-derrapar-su-moto","status":"publish","type":"post","link":"https:\/\/formalprision.com\/?p=7015","title":{"rendered":"Reportero lesionado al derrapar su moto en un bache"},"content":{"rendered":"<p><a href='https:\/\/picasaweb.google.com\/112111866373654902759\/FormalPrision?authkey=Gv1sRgCM3As-y7wa6iNw#5736163826652836130'><img src='http:\/\/lh4.ggpht.com\/--0bSdC-76Ec\/T5rym90WcSI\/AAAAAAAAGpo\/kskO_53IL28\/s288\/0.jpg' border='0' width='281' height='210' style='margin:5px'><\/a><br \/>Esta ma\u00f1ana, alrededor de las 11 horas, el reportero Alfredo \u00abChino\u00bb Canto May sufri\u00f3 un accidente tras derrapar con su motoneta en la calle 29, entre 40 y 42, en Progreso, media cuadra antes de la Prepa Progreso.<br \/>El accidente ocurri\u00f3 cuando el colaborador del Por Esto! perdi\u00f3 el control de su unidad luego de pasar sobre el bache de una tuber\u00eda de Agua Potable que est\u00e1 a media calle.<br \/>Los vecinos del rumbo informaron lo sucedido y se\u00f1alaron que hace m\u00e1s de un a\u00f1o que vienen reportando el bache y el Ayuntamiento no lo repara hacce mucho y ahora a \u00e9ste reportero le toc\u00f3 pagar las consecuencias.<br \/>-Los vecinos estamos hartos de los baches y las calles da\u00f1adas, ahora a ver si con \u00e9sto que le pas\u00f3 al reportero s\u00ed publican todos los huecos que hay en Progreso, no somos el \u00abpuerto de la paz\u00bb, sino el \u00abpuerto de los baches\u00bb, dijo una vecina.<br \/>Los vecinos del rumbo indicaron que el reportero derrap\u00f3 y se arrastr\u00f3 varios metros con la moto encima, y se dol\u00eda fuertemente de golpes en el costado, cabeza y cuello.<br \/>-El reportero nos dijo que no llamemos a nadie, porque luego va a salir en el peri\u00f3dico- coment\u00f3 otro vecino, pero llamamos a la ambulancia porque estaba algo golpeado. <br \/>Al lugar lleg\u00f3 r\u00e1pidamente la ambulancia YUC-15 de la Cruz Roja a cargo de los param\u00e9dicos Jorge Sosa, Iv\u00e1n Aguilar y Eulogio Mukul, quienes brindaron los primeros auxilios a Canto May quien pidi\u00f3 que lo lleven al Centro M\u00e9dico Americano (CMA) y no al Centro de Salud.<br \/>En el CMA fue atendido por los m\u00e9dicos y hace unos minutos fue ingresado con el radi\u00f3logo para sacarle unas placas debido a que se encuentra policontundido, pero fuera de peligro.(con informaci\u00f3n de Progresohoy.com)<\/p>\n<p>&#8211;<\/p>\n","protected":false},"excerpt":{"rendered":"<p>Esta ma\u00f1ana, alrededor de las 11 horas, el reportero Alfredo \u00abChino\u00bb Canto May sufri\u00f3 un accidente tras derrapar con su motoneta en la calle 29, entre 40 y 42, en<\/p>\n","protected":false},"author":1,"featured_media":24128,"comment_status":"open","ping_status":"open","sticky":false,"template":"","format":"standard","meta":{"jetpack_post_was_ever_published":false,"_jetpack_newsletter_access":"","_jetpack_dont_email_post_to_subs":false,"_jetpack_newsletter_tier_id":0,"_jetpack_memberships_contains_paywalled_content":false,"_jetpack_memberships_contains_paid_content":false,"footnotes":"","jetpack_publicize_message":"","jetpack_publicize_feature_enabled":true,"jetpack_social_post_already_shared":false,"jetpack_social_options":{"image_generator_settings":{"template":"highway","default_image_id":0,"font":"","enabled":false},"version":2}},"categories":[60,3,1],"tags":[],"class_list":["post-7015","post","type-post","status-publish","format-standard","has-post-thumbnail","hentry","category-cafres","category-portada","category-sin-categoria"],"jetpack_publicize_connections":[],"jetpack_featured_media_url":"https:\/\/formalprision.com\/wp-content\/uploads\/2012\/04\/01.jpg","jetpack_sharing_enabled":true,"jetpack_shortlink":"https:\/\/wp.me\/p6id8p-1P9","_links":{"self":[{"href":"https:\/\/formalprision.com\/index.php?rest_route=\/wp\/v2\/posts\/7015","targetHints":{"allow":["GET"]}}],"collection":[{"href":"https:\/\/formalprision.com\/index.php?rest_route=\/wp\/v2\/posts"}],"about":[{"href":"https:\/\/formalprision.com\/index.php?rest_route=\/wp\/v2\/types\/post"}],"author":[{"embeddable":true,"href":"https:\/\/formalprision.com\/index.php?rest_route=\/wp\/v2\/users\/1"}],"replies":[{"embeddable":true,"href":"https:\/\/formalprision.com\/index.php?rest_route=%2Fwp%2Fv2%2Fcomments&post=7015"}],"version-history":[{"count":0,"href":"https:\/\/formalprision.com\/index.php?rest_route=\/wp\/v2\/posts\/7015\/revisions"}],"wp:featuredmedia":[{"embeddable":true,"href":"https:\/\/formalprision.com\/index.php?rest_route=\/wp\/v2\/media\/24128"}],"wp:attachment":[{"href":"https:\/\/formalprision.com\/index.php?rest_route=%2Fwp%2Fv2%2Fmedia&parent=7015"}],"wp:term":[{"taxonomy":"category","embeddable":true,"href":"https:\/\/formalprision.com\/index.php?rest_route=%2Fwp%2Fv2%2Fcategories&post=7015"},{"taxonomy":"post_tag","embeddable":true,"href":"https:\/\/formalprision.com\/index.php?rest_route=%2Fwp%2Fv2%2Ftags&post=7015"}],"curies":[{"name":"wp","href":"https:\/\/api.w.org\/{rel}","templated":true}]}}