{"id":7022,"date":"2012-04-25T19:00:00","date_gmt":"2012-04-25T19:00:00","guid":{"rendered":"http:\/\/formalprision.info\/2012\/04\/25\/panadero-en-la-carcel-por-rayar-un\/"},"modified":"2015-06-03T08:52:29","modified_gmt":"2015-06-03T08:52:29","slug":"panadero-en-la-carcel-por-rayar-un","status":"publish","type":"post","link":"https:\/\/formalprision.com\/?p=7022","title":{"rendered":"Panadero en la c\u00e1rcel por rayar un carro con su bicicleta"},"content":{"rendered":"<p><\/p>\n<div class=\"separator\" style=\"clear: both; text-align: center;\"><a href=\"http:\/\/2.bp.blogspot.com\/-LfcF0qEbCGk\/T5gn8YdwJkI\/AAAAAAAAGoU\/HMqdzsrAfVA\/s1600\/aaabicicletachocador.JPG\" imageanchor=\"1\" style=\"margin-left: 1em; margin-right: 1em;\"><img loading=\"lazy\" decoding=\"async\" border=\"0\" height=\"240\" src=\"http:\/\/formalprision.com\/wp-content\/uploads\/2012\/04\/aaabicicletachocador.jpg\" width=\"320\" \/><\/a><\/div>\n<div class=\"MsoNormal\" style=\"background-attachment: initial; background-clip: initial; background-color: white; background-image: initial; background-origin: initial; background-position: initial initial; background-repeat: initial initial; margin-bottom: 0.0001pt;\">En tremendo problema se meti\u00f3 el panadero Francisco Rafael L\u00f3pez Aldaz luego de chocar con su bicicleta un autom\u00f3vil particular.<\/div>\n<div class=\"MsoNormal\" style=\"background-attachment: initial; background-clip: initial; background-color: white; background-image: initial; background-origin: initial; background-position: initial initial; background-repeat: initial initial; margin-bottom: 0.0001pt;\">El pobre panadero se encuentra en prisi\u00f3n y sus familiares pasan apuros para conseguir dinero para pagar los da\u00f1os, que si bien no son cuantiosos, representan mucho dinero para la familia de escasos recursos.<\/div>\n<div class=\"MsoNormal\" style=\"background-attachment: initial; background-clip: initial; background-color: white; background-image: initial; background-origin: initial; background-position: initial initial; background-repeat: initial initial; margin-bottom: 0.0001pt;\">Se le sigue proceso por el delito de da\u00f1o en propiedad ajena, denunciado por Gerardo Molina L\u00f3pez.<\/div>\n<div class=\"MsoNormal\" style=\"background-attachment: initial; background-clip: initial; background-color: white; background-image: initial; background-origin: initial; background-position: initial initial; background-repeat: initial initial; margin-bottom: 0.0001pt;\">Los da\u00f1os del veh\u00edculo est\u00e1n valuados en $2,000.<\/div>\n<div class=\"MsoNormal\" style=\"background-attachment: initial; background-clip: initial; background-color: white; background-image: initial; background-origin: initial; background-position: initial initial; background-repeat: initial initial; margin-bottom: 0.0001pt;\">El accidente ocurri\u00f3 el domingo, cuando el Ford Fiesta placas ZAK-5834 circulaba sobre la calle 67 entre 62 y 64, del centro y junto al autom\u00f3vil iba el panadero ciclista, quien perdi\u00f3 el control y con el manubrio ray\u00f3 al auto.<\/div>\n<div class=\"MsoNormal\" style=\"background-attachment: initial; background-clip: initial; background-color: white; background-image: initial; background-origin: initial; background-position: initial initial; background-repeat: initial initial; margin-bottom: 0.0001pt;\">El ciclista intent\u00f3 llegar a un arreglo con el conductor, pero el representante de la aseguradora del autom\u00f3vil lleg\u00f3 y pidi\u00f3 las perlas de la virgen, por lo que fue detenido y consignado.<\/div>\n<div class=\"MsoNormal\" style=\"background-attachment: initial; background-clip: initial; background-color: white; background-image: initial; background-origin: initial; background-position: initial initial; background-repeat: initial initial; margin-bottom: 0.0001pt;\">Al rendir su declaraci\u00f3n preparatoria, el acusado dijo que tom\u00f3 unas cervezas ese d\u00eda y cuando regresaba a su casa ocurri\u00f3 el percance que ahora lo tiene en la c\u00e1rcel..<\/div>\n<div class=\"MsoNormal\" style=\"background-attachment: initial; background-clip: initial; background-color: white; background-image: initial; background-origin: initial; background-position: initial initial; background-repeat: initial initial; margin-bottom: 5.25pt;\"><\/div>\n<div class=\"MsoNormal\"><\/div>\n","protected":false},"excerpt":{"rendered":"<p>En tremendo problema se meti\u00f3 el panadero Francisco Rafael L\u00f3pez Aldaz luego de chocar con su bicicleta un autom\u00f3vil particular. El pobre panadero se encuentra en prisi\u00f3n y sus familiares<\/p>\n","protected":false},"author":1,"featured_media":24141,"comment_status":"open","ping_status":"open","sticky":false,"template":"","format":"standard","meta":{"jetpack_post_was_ever_published":false,"_jetpack_newsletter_access":"","_jetpack_dont_email_post_to_subs":false,"_jetpack_newsletter_tier_id":0,"_jetpack_memberships_contains_paywalled_content":false,"_jetpack_memberships_contains_paid_content":false,"footnotes":"","jetpack_publicize_message":"","jetpack_publicize_feature_enabled":true,"jetpack_social_post_already_shared":false,"jetpack_social_options":{"image_generator_settings":{"template":"highway","default_image_id":0,"font":"","enabled":false},"version":2}},"categories":[3,1,53],"tags":[],"class_list":["post-7022","post","type-post","status-publish","format-standard","has-post-thumbnail","hentry","category-portada","category-sin-categoria","category-yo-no-fui"],"jetpack_publicize_connections":[],"jetpack_featured_media_url":"https:\/\/formalprision.com\/wp-content\/uploads\/2012\/04\/aaabicicletachocador.jpg","jetpack_sharing_enabled":true,"jetpack_shortlink":"https:\/\/wp.me\/p6id8p-1Pg","_links":{"self":[{"href":"https:\/\/formalprision.com\/index.php?rest_route=\/wp\/v2\/posts\/7022","targetHints":{"allow":["GET"]}}],"collection":[{"href":"https:\/\/formalprision.com\/index.php?rest_route=\/wp\/v2\/posts"}],"about":[{"href":"https:\/\/formalprision.com\/index.php?rest_route=\/wp\/v2\/types\/post"}],"author":[{"embeddable":true,"href":"https:\/\/formalprision.com\/index.php?rest_route=\/wp\/v2\/users\/1"}],"replies":[{"embeddable":true,"href":"https:\/\/formalprision.com\/index.php?rest_route=%2Fwp%2Fv2%2Fcomments&post=7022"}],"version-history":[{"count":0,"href":"https:\/\/formalprision.com\/index.php?rest_route=\/wp\/v2\/posts\/7022\/revisions"}],"wp:featuredmedia":[{"embeddable":true,"href":"https:\/\/formalprision.com\/index.php?rest_route=\/wp\/v2\/media\/24141"}],"wp:attachment":[{"href":"https:\/\/formalprision.com\/index.php?rest_route=%2Fwp%2Fv2%2Fmedia&parent=7022"}],"wp:term":[{"taxonomy":"category","embeddable":true,"href":"https:\/\/formalprision.com\/index.php?rest_route=%2Fwp%2Fv2%2Fcategories&post=7022"},{"taxonomy":"post_tag","embeddable":true,"href":"https:\/\/formalprision.com\/index.php?rest_route=%2Fwp%2Fv2%2Ftags&post=7022"}],"curies":[{"name":"wp","href":"https:\/\/api.w.org\/{rel}","templated":true}]}}