{"id":7023,"date":"2012-04-25T04:32:00","date_gmt":"2012-04-25T04:32:00","guid":{"rendered":"http:\/\/formalprision.info\/2012\/04\/25\/teporochos-enloquecen-y-matan-su-amigo\/"},"modified":"2015-06-03T08:52:29","modified_gmt":"2015-06-03T08:52:29","slug":"teporochos-enloquecen-y-matan-su-amigo","status":"publish","type":"post","link":"https:\/\/formalprision.com\/?p=7023","title":{"rendered":"Teporochos enloquecen y matan a su amigo"},"content":{"rendered":"<p>Al calor de las copas, un bebedor consuetudinario fue asesinado \u00e9ste d\u00eda por su compa\u00f1ero de parranda bajo los arcos del muelle fiscal, lo que ocasion\u00f3 \u00e9ste d\u00eda amplia movilizaci\u00f3n polic\u00edaca en la zona.<br \/>El crimen fue perpetrado por una persona que fue detenida \u00e9sta misma tarde, luego de los trabajos de investigaci\u00f3n realizados por agentes Ministeriales y de la SSP con apoyo de la Polic\u00eda Municipal.<br \/>El homicidio se registr\u00f3 al parecer por una discusi\u00f3n, debido a que el ahora fallecido, identificado como PEDRO JES\u00daS DZIB CAAMAL, de 30 a\u00f1os de edad, se neg\u00f3 a compartir el \u00abpomo\u00bb con el asesino, quien ya se encuentra detenido y cuya identidad se dar\u00e1 a conocer en las pr\u00f3ximas horas.<br \/>La muerte del teporocho, con domicilio en los Vergeles, en M\u00e9rida, fue reportada hoy poco despu\u00e9s del mediod\u00eda por una persona que al pasar por el lugar vio a Pedro Jes\u00fas quej\u00e1ndose de fuertes dolores, pero al arribar los param\u00e9dicos al sitio, \u00e9ste ya hab\u00eda fallecido.<br \/>En un principio, la misma polic\u00eda inform\u00f3 que la causa de la muerte fue por  congesti\u00f3n alcoh\u00f3lica, pero luego de los estudios de rigor y de entrevistar a otros teporochos que frecuentan la zona, se determin\u00f3 que Dzib Caamal fue asesinado a golpes con un palo justo bajo el arco n\u00famero 6.<br \/>Tomo conocimiento la unidad 7028 a cargo del comandante Ismael S\u00e1nchez Herrera, el comandante Joaqu\u00edn Vera Martin de la polic\u00eda ministerial, el perito de la fiscal\u00eda Wilberth Otoniel Villanueva Guti\u00e9rrez, el titular del ministerio publico Lu\u00eds \u00c1ngel Jim\u00e9nez Santana, criminalista Sergio P\u00e9rez Carreta, Manuel Jes\u00fas Ojeda Garc\u00eda del Semefo y la unidad 5781 de la SSP a cargo del segundo inspector Jos\u00e9 Andr\u00e9s May Chuc.<\/p>\n<p><a href=\"https:\/\/picasaweb.google.com\/112111866373654902759\/FormalPrision?authkey=Gv1sRgCM3As-y7wa6iNw#5735191671272612610\"><img loading=\"lazy\" decoding=\"async\" border=\"0\" height=\"210\" src=\"http:\/\/lh3.ggpht.com\/-EEFNFBI8mkA\/T5d-cEz7owI\/AAAAAAAAGoM\/7BeENtog9HM\/s288\/0.jpg\" style=\"margin: 5px;\" width=\"281\" \/><\/a><\/p>\n","protected":false},"excerpt":{"rendered":"<p>Al calor de las copas, un bebedor consuetudinario fue asesinado \u00e9ste d\u00eda por su compa\u00f1ero de parranda bajo los arcos del muelle fiscal, lo que ocasion\u00f3 \u00e9ste d\u00eda amplia movilizaci\u00f3n<\/p>\n","protected":false},"author":1,"featured_media":24144,"comment_status":"open","ping_status":"open","sticky":false,"template":"","format":"standard","meta":{"jetpack_post_was_ever_published":false,"_jetpack_newsletter_access":"","_jetpack_dont_email_post_to_subs":false,"_jetpack_newsletter_tier_id":0,"_jetpack_memberships_contains_paywalled_content":false,"_jetpack_memberships_contains_paid_content":false,"footnotes":"","jetpack_publicize_message":"","jetpack_publicize_feature_enabled":true,"jetpack_social_post_already_shared":false,"jetpack_social_options":{"image_generator_settings":{"template":"highway","default_image_id":0,"font":"","enabled":false},"version":2}},"categories":[59,3,1],"tags":[],"class_list":["post-7023","post","type-post","status-publish","format-standard","has-post-thumbnail","hentry","category-asesinos","category-portada","category-sin-categoria"],"jetpack_publicize_connections":[],"jetpack_featured_media_url":"https:\/\/formalprision.com\/wp-content\/uploads\/2012\/04\/02.jpg","jetpack_sharing_enabled":true,"jetpack_shortlink":"https:\/\/wp.me\/p6id8p-1Ph","_links":{"self":[{"href":"https:\/\/formalprision.com\/index.php?rest_route=\/wp\/v2\/posts\/7023","targetHints":{"allow":["GET"]}}],"collection":[{"href":"https:\/\/formalprision.com\/index.php?rest_route=\/wp\/v2\/posts"}],"about":[{"href":"https:\/\/formalprision.com\/index.php?rest_route=\/wp\/v2\/types\/post"}],"author":[{"embeddable":true,"href":"https:\/\/formalprision.com\/index.php?rest_route=\/wp\/v2\/users\/1"}],"replies":[{"embeddable":true,"href":"https:\/\/formalprision.com\/index.php?rest_route=%2Fwp%2Fv2%2Fcomments&post=7023"}],"version-history":[{"count":0,"href":"https:\/\/formalprision.com\/index.php?rest_route=\/wp\/v2\/posts\/7023\/revisions"}],"wp:featuredmedia":[{"embeddable":true,"href":"https:\/\/formalprision.com\/index.php?rest_route=\/wp\/v2\/media\/24144"}],"wp:attachment":[{"href":"https:\/\/formalprision.com\/index.php?rest_route=%2Fwp%2Fv2%2Fmedia&parent=7023"}],"wp:term":[{"taxonomy":"category","embeddable":true,"href":"https:\/\/formalprision.com\/index.php?rest_route=%2Fwp%2Fv2%2Fcategories&post=7023"},{"taxonomy":"post_tag","embeddable":true,"href":"https:\/\/formalprision.com\/index.php?rest_route=%2Fwp%2Fv2%2Ftags&post=7023"}],"curies":[{"name":"wp","href":"https:\/\/api.w.org\/{rel}","templated":true}]}}