{"id":7030,"date":"2012-04-24T01:40:00","date_gmt":"2012-04-24T01:40:00","guid":{"rendered":"http:\/\/formalprision.info\/2012\/04\/24\/sexoservidor-mata-porque-no-le-pagaron\/"},"modified":"2015-06-03T08:52:30","modified_gmt":"2015-06-03T08:52:30","slug":"sexoservidor-mata-porque-no-le-pagaron","status":"publish","type":"post","link":"https:\/\/formalprision.com\/?p=7030","title":{"rendered":"Sexoservidor mata porque no le pagaron su jornada sexual de $300"},"content":{"rendered":"<p><\/p>\n<div class=\"ecxmsonormal\" style=\"background-attachment: initial; background-clip: initial; background-color: white; background-image: initial; background-origin: initial; background-position: initial initial; background-repeat: initial initial; margin-bottom: 16.2pt; margin-left: 0cm; margin-right: 0cm; margin-top: 0cm; text-align: justify;\"><\/div>\n<div class=\"MsoNormal\" style=\"background-attachment: initial; background-clip: initial; background-color: white; background-image: initial; background-origin: initial; background-position: initial initial; background-repeat: initial initial; margin-bottom: 5.25pt;\"><\/div>\n<div class=\"separator\" style=\"clear: both; text-align: center;\"><a href=\"http:\/\/4.bp.blogspot.com\/-BUaFyM4DSaY\/T5YCDxjK6zI\/AAAAAAAAGnU\/WP_7Ni4XRaY\/s1600\/aaaasesinoses.JPG\" imageanchor=\"1\" style=\"margin-left: 1em; margin-right: 1em;\"><img loading=\"lazy\" decoding=\"async\" border=\"0\" height=\"320\" src=\"http:\/\/formalprision.com\/wp-content\/uploads\/2012\/04\/aaaasesinoses.jpg\" width=\"240\" \/><\/a><\/div>\n<div class=\"MsoNormal\" style=\"background-attachment: initial; background-clip: initial; background-color: white; background-image: initial; background-origin: initial; background-position: initial initial; background-repeat: initial initial; margin-bottom: 0.0001pt;\">El Juzgado Segundo Penal concedi\u00f3 arraigo contra Isa\u00edas Koyoc Maas (a) \u201cIsa\u201d, empleado de una distribuidora de pavos, acusado de asesinar por motivos sexuales al empresario maderero Jos\u00e9 Emilio Villanueva Garma.<\/div>\n<div class=\"MsoNormal\" style=\"background-attachment: initial; background-clip: initial; background-color: white; background-image: initial; background-origin: initial; background-position: initial initial; background-repeat: initial initial; margin-bottom: 0.0001pt;\">El presunto homicida, de 20 a\u00f1os de edad, mat\u00f3 a su compa\u00f1ero de relaciones presuntamente porque no le pag\u00f3 un favor sexual de $300.<\/div>\n<div class=\"MsoNormal\" style=\"background-attachment: initial; background-clip: initial; background-color: white; background-image: initial; background-origin: initial; background-position: initial initial; background-repeat: initial initial; margin-bottom: 0.0001pt;\">Este d\u00eda, el detenido fue presentado ante la Juez Segundo Penal, Ileana Georgina Dom\u00ednguez Zapata, quien lo arraig\u00f3.<\/div>\n<div class=\"MsoNormal\" style=\"background-attachment: initial; background-clip: initial; background-color: white; background-image: initial; background-origin: initial; background-position: initial initial; background-repeat: initial initial; margin-bottom: 0.0001pt;\">Seg\u00fan las pesquisas de la autoridad, <\/div>\n<div class=\"MsoNormal\" style=\"background-attachment: initial; background-clip: initial; background-color: white; background-image: initial; background-origin: initial; background-position: initial initial; background-repeat: initial initial; margin-bottom: 0.0001pt;\">el empresario maderero y de electrodom\u00e9sticos conoc\u00eda al acusado desde hace dos a\u00f1os, tiempo durante el cual sostuvieron relaciones \u00edntimas.<\/div>\n<div class=\"MsoNormal\" style=\"background-attachment: initial; background-clip: initial; background-color: white; background-image: initial; background-origin: initial; background-position: initial initial; background-repeat: initial initial; margin-bottom: 0.0001pt;\">El fin de semana pasado, el joven se present\u00f3 al negocio del empresario, en la calle 65 entre 38 y 40 porque le quer\u00eda cobrar la deuda de 300 pesos.<\/div>\n<div class=\"ecxmsonormal\" style=\"background-attachment: initial; background-clip: initial; background-color: white; background-image: initial; background-origin: initial; background-position: initial initial; background-repeat: initial initial; line-height: 115%;\">Como no le pag\u00f3 el empresario, llegaron a los golpes y Villanueva Garma result\u00f3 golpeado con un palo de escoba para despu\u00e9s ser estrangulado por Koyoc Maas, quien us\u00f3 su propio brazo para darle muerte y despu\u00e9s sali\u00f3 para dirigirse a su domicilio y tratar de huir.<\/div>\n<div class=\"ecxmsonormal\" style=\"background-attachment: initial; background-clip: initial; background-color: white; background-image: initial; background-origin: initial; background-position: initial initial; background-repeat: initial initial; line-height: 115%;\"><\/div>\n<p><\/p>\n","protected":false},"excerpt":{"rendered":"<p>El Juzgado Segundo Penal concedi\u00f3 arraigo contra Isa\u00edas Koyoc Maas (a) \u201cIsa\u201d, empleado de una distribuidora de pavos, acusado de asesinar por motivos sexuales al empresario maderero Jos\u00e9 Emilio Villanueva<\/p>\n","protected":false},"author":1,"featured_media":24157,"comment_status":"open","ping_status":"open","sticky":false,"template":"","format":"standard","meta":{"jetpack_post_was_ever_published":false,"_jetpack_newsletter_access":"","_jetpack_dont_email_post_to_subs":false,"_jetpack_newsletter_tier_id":0,"_jetpack_memberships_contains_paywalled_content":false,"_jetpack_memberships_contains_paid_content":false,"footnotes":"","jetpack_publicize_message":"","jetpack_publicize_feature_enabled":true,"jetpack_social_post_already_shared":false,"jetpack_social_options":{"image_generator_settings":{"template":"highway","default_image_id":0,"font":"","enabled":false},"version":2}},"categories":[59,3,1],"tags":[],"class_list":["post-7030","post","type-post","status-publish","format-standard","has-post-thumbnail","hentry","category-asesinos","category-portada","category-sin-categoria"],"jetpack_publicize_connections":[],"jetpack_featured_media_url":"https:\/\/formalprision.com\/wp-content\/uploads\/2012\/04\/aaaasesinoses.jpg","jetpack_sharing_enabled":true,"jetpack_shortlink":"https:\/\/wp.me\/p6id8p-1Po","_links":{"self":[{"href":"https:\/\/formalprision.com\/index.php?rest_route=\/wp\/v2\/posts\/7030","targetHints":{"allow":["GET"]}}],"collection":[{"href":"https:\/\/formalprision.com\/index.php?rest_route=\/wp\/v2\/posts"}],"about":[{"href":"https:\/\/formalprision.com\/index.php?rest_route=\/wp\/v2\/types\/post"}],"author":[{"embeddable":true,"href":"https:\/\/formalprision.com\/index.php?rest_route=\/wp\/v2\/users\/1"}],"replies":[{"embeddable":true,"href":"https:\/\/formalprision.com\/index.php?rest_route=%2Fwp%2Fv2%2Fcomments&post=7030"}],"version-history":[{"count":0,"href":"https:\/\/formalprision.com\/index.php?rest_route=\/wp\/v2\/posts\/7030\/revisions"}],"wp:featuredmedia":[{"embeddable":true,"href":"https:\/\/formalprision.com\/index.php?rest_route=\/wp\/v2\/media\/24157"}],"wp:attachment":[{"href":"https:\/\/formalprision.com\/index.php?rest_route=%2Fwp%2Fv2%2Fmedia&parent=7030"}],"wp:term":[{"taxonomy":"category","embeddable":true,"href":"https:\/\/formalprision.com\/index.php?rest_route=%2Fwp%2Fv2%2Fcategories&post=7030"},{"taxonomy":"post_tag","embeddable":true,"href":"https:\/\/formalprision.com\/index.php?rest_route=%2Fwp%2Fv2%2Ftags&post=7030"}],"curies":[{"name":"wp","href":"https:\/\/api.w.org\/{rel}","templated":true}]}}