{"id":7031,"date":"2012-04-23T23:30:00","date_gmt":"2012-04-23T23:30:00","guid":{"rendered":"http:\/\/formalprision.info\/2012\/04\/23\/siete-detenidos-por-fumar-hierba-seca\/"},"modified":"2015-06-03T08:52:30","modified_gmt":"2015-06-03T08:52:30","slug":"siete-detenidos-por-fumar-hierba-seca","status":"publish","type":"post","link":"https:\/\/formalprision.com\/?p=7031","title":{"rendered":"Siete detenidos por fumar hierba seca en la v\u00eda p\u00fablica"},"content":{"rendered":"<p><\/p>\n<div class=\"separator\" style=\"clear: both; text-align: center;\"><a href=\"http:\/\/3.bp.blogspot.com\/-ZhWnqu0nCTs\/T5T4kqfZD8I\/AAAAAAAAGmk\/V1364cJ5z98\/s1600\/aaoperativos.jpg\" imageanchor=\"1\" style=\"margin-left: 1em; margin-right: 1em;\"><img loading=\"lazy\" decoding=\"async\" border=\"0\" height=\"180\" src=\"http:\/\/formalprision.com\/wp-content\/uploads\/2012\/04\/aaoperativos.jpg\" width=\"320\" \/><\/a><\/div>\n<div class=\"ecxmsonormal\" style=\"background: white;\">Siete progrese\u00f1os fueron detenidos por fumar mariguana en la v\u00eda p\u00fablica.<\/div>\n<div class=\"ecxmsonormal\" style=\"background: white;\">Entre los detenidos hay dos menores de edad y el resto son parientes entre si. <\/div>\n<div class=\"ecxmsonormal\" style=\"background: white;\">Los detenidos son <b>JOSE CECILIO SULUB CHAN, J. E. G. O, ABEL SACRAMENTO GARCIA. ARTURO CHAVEZ SACRAMENTO, J. A. O. E. RAFAEL ANTONIO SIERRA MARIN y &nbsp;SAMUEL DAVID CUMI MEDINA.<\/b><\/div>\n<div class=\"ecxmsonormal\" style=\"background: white;\">Fueron detenidos a las 22:20 horas en la calle 59 x 60-B y 60-C Flamboyanes.<\/div>\n<div class=\"ecxmsonormal\" style=\"background: white;\">La detenci\u00f3n fue literalmente por Fumar Hierba seca en v\u00eda publica.<\/div>\n<p>La detenci\u00f3n estuvo a &nbsp;cargo de las unidades 7028, 7035 y 7036, &nbsp;al mando del Cmdte. Juan C. Morales Silva, en compa\u00f1\u00eda de 8 elementos<\/p>\n","protected":false},"excerpt":{"rendered":"<p>Siete progrese\u00f1os fueron detenidos por fumar mariguana en la v\u00eda p\u00fablica. Entre los detenidos hay dos menores de edad y el resto son parientes entre si. Los detenidos son JOSE<\/p>\n","protected":false},"author":1,"featured_media":24159,"comment_status":"open","ping_status":"open","sticky":false,"template":"","format":"standard","meta":{"jetpack_post_was_ever_published":false,"_jetpack_newsletter_access":"","_jetpack_dont_email_post_to_subs":false,"_jetpack_newsletter_tier_id":0,"_jetpack_memberships_contains_paywalled_content":false,"_jetpack_memberships_contains_paid_content":false,"footnotes":"","jetpack_publicize_message":"","jetpack_publicize_feature_enabled":true,"jetpack_social_post_already_shared":false,"jetpack_social_options":{"image_generator_settings":{"template":"highway","default_image_id":0,"font":"","enabled":false},"version":2}},"categories":[47,3,1],"tags":[],"class_list":["post-7031","post","type-post","status-publish","format-standard","has-post-thumbnail","hentry","category-narcos","category-portada","category-sin-categoria"],"jetpack_publicize_connections":[],"jetpack_featured_media_url":"https:\/\/formalprision.com\/wp-content\/uploads\/2012\/04\/aaoperativos.jpg","jetpack_sharing_enabled":true,"jetpack_shortlink":"https:\/\/wp.me\/p6id8p-1Pp","_links":{"self":[{"href":"https:\/\/formalprision.com\/index.php?rest_route=\/wp\/v2\/posts\/7031","targetHints":{"allow":["GET"]}}],"collection":[{"href":"https:\/\/formalprision.com\/index.php?rest_route=\/wp\/v2\/posts"}],"about":[{"href":"https:\/\/formalprision.com\/index.php?rest_route=\/wp\/v2\/types\/post"}],"author":[{"embeddable":true,"href":"https:\/\/formalprision.com\/index.php?rest_route=\/wp\/v2\/users\/1"}],"replies":[{"embeddable":true,"href":"https:\/\/formalprision.com\/index.php?rest_route=%2Fwp%2Fv2%2Fcomments&post=7031"}],"version-history":[{"count":0,"href":"https:\/\/formalprision.com\/index.php?rest_route=\/wp\/v2\/posts\/7031\/revisions"}],"wp:featuredmedia":[{"embeddable":true,"href":"https:\/\/formalprision.com\/index.php?rest_route=\/wp\/v2\/media\/24159"}],"wp:attachment":[{"href":"https:\/\/formalprision.com\/index.php?rest_route=%2Fwp%2Fv2%2Fmedia&parent=7031"}],"wp:term":[{"taxonomy":"category","embeddable":true,"href":"https:\/\/formalprision.com\/index.php?rest_route=%2Fwp%2Fv2%2Fcategories&post=7031"},{"taxonomy":"post_tag","embeddable":true,"href":"https:\/\/formalprision.com\/index.php?rest_route=%2Fwp%2Fv2%2Ftags&post=7031"}],"curies":[{"name":"wp","href":"https:\/\/api.w.org\/{rel}","templated":true}]}}