{"id":7035,"date":"2012-04-23T20:06:00","date_gmt":"2012-04-23T20:06:00","guid":{"rendered":"http:\/\/formalprision.info\/2012\/04\/23\/inicia-curso-de-capacitacion-para\/"},"modified":"2015-06-03T08:52:31","modified_gmt":"2015-06-03T08:52:31","slug":"inicia-curso-de-capacitacion-para","status":"publish","type":"post","link":"https:\/\/formalprision.com\/?p=7035","title":{"rendered":"Inicia curso de capacitaci\u00f3n para polic\u00edas y agentes de la Fiscal\u00eda"},"content":{"rendered":"<p><\/p>\n<div class=\"separator\" style=\"clear: both; text-align: center;\"><a href=\"http:\/\/2.bp.blogspot.com\/-bZlXCKiiUxw\/T5W188XCT5I\/AAAAAAAAGm8\/IUJrvjcJaz8\/s1600\/aaaugust.JPG\" imageanchor=\"1\" style=\"margin-left: 1em; margin-right: 1em;\"><img loading=\"lazy\" decoding=\"async\" border=\"0\" height=\"213\" src=\"http:\/\/formalprision.com\/wp-content\/uploads\/2012\/04\/aaaugust.jpg\" width=\"320\" \/><\/a><\/div>\n<div class=\"ecxMsoNormal\" style=\"line-height: 115%; text-align: justify;\">Como parte de la &nbsp;capacitaci\u00f3n que recibe el personal de la Fiscal\u00eda General  del Estado, ante la entrada en vigor del nuevo Sistema de Justicia Penal, 35  servidores p\u00fablicos de esta instituci\u00f3n participan en el curso \u201cV\u00edctimas del  Delito, Manejo y Atenci\u00f3n Integral\u201d que inicio hoy por la ma\u00f1ana en el auditorio  \u201cErnesto Abreu G\u00f3mez\u201d.<\/div>\n<div class=\"ecxMsoNormal\" style=\"line-height: 115%; text-align: justify;\">Con una duraci\u00f3n de 40 horas, la  capacitaci\u00f3n es impartida a personal de la Direcci\u00f3n de Atenci\u00f3n a V\u00edctimas,  elementos de la Polic\u00eda Ministerial, Peritos y agentes del Ministerio P\u00fablico,  con el fin de especializar a los funcionarios en el proceso de atenci\u00f3n y  valoraci\u00f3n de las personas que hayan sido v\u00edctimas de alg\u00fan delito.<\/div>\n<div class=\"ecxMsoNormal\" style=\"line-height: 115%; text-align: justify;\">Durante la instrucci\u00f3n se abordaran  temas como la victimolog\u00eda y pol\u00edtica criminal, victimolog\u00eda y derechos humanos,  la investigaci\u00f3n victimol\u00f3gica, asistencia victimol\u00f3gica, la v\u00edctima en el  sistema procesal penal acusatorio y la justicia restaurativa.<\/div>\n<div class=\"ecxMsoNormal\" style=\"line-height: 115%; text-align: justify;\">El curso est\u00e1 a cargo del Lic.  Guillermo Beck Chiquini, Especialista de la Academia Regional de Seguridad  P\u00fablica del Sureste, quien cuenta con gran experiencia en el tema y se ha  desempe\u00f1ado, entre otros cargos, como Maestro en Picolog\u00eda Jur\u00eddica y  Criminolog\u00eda por el Instituto Universitario de Puebla, Visitador General,  Director de la Polic\u00eda Judicial y Subdirector Jur\u00eddico de la Procuradur\u00eda  General de Justicia del Estado de Veracruz, Subprocurador Regional de Justicia  de la zona Centro de Xalapa y Presidente del Colegio Mexicano de Ciencias  Forenses. (Comunicado Oficial)<\/div>\n<div class=\"ecxMsoNormal\" style=\"line-height: 115%; text-align: justify;\"><\/div>\n","protected":false},"excerpt":{"rendered":"<p>Como parte de la &nbsp;capacitaci\u00f3n que recibe el personal de la Fiscal\u00eda General del Estado, ante la entrada en vigor del nuevo Sistema de Justicia Penal, 35 servidores p\u00fablicos de<\/p>\n","protected":false},"author":1,"featured_media":24167,"comment_status":"open","ping_status":"open","sticky":false,"template":"","format":"standard","meta":{"jetpack_post_was_ever_published":false,"_jetpack_newsletter_access":"","_jetpack_dont_email_post_to_subs":false,"_jetpack_newsletter_tier_id":0,"_jetpack_memberships_contains_paywalled_content":false,"_jetpack_memberships_contains_paid_content":false,"footnotes":"","jetpack_publicize_message":"","jetpack_publicize_feature_enabled":true,"jetpack_social_post_already_shared":false,"jetpack_social_options":{"image_generator_settings":{"template":"highway","default_image_id":0,"font":"","enabled":false},"version":2}},"categories":[3,1,49],"tags":[],"class_list":["post-7035","post","type-post","status-publish","format-standard","has-post-thumbnail","hentry","category-portada","category-sin-categoria","category-tocho-morocho"],"jetpack_publicize_connections":[],"jetpack_featured_media_url":"https:\/\/formalprision.com\/wp-content\/uploads\/2012\/04\/aaaugust.jpg","jetpack_sharing_enabled":true,"jetpack_shortlink":"https:\/\/wp.me\/p6id8p-1Pt","_links":{"self":[{"href":"https:\/\/formalprision.com\/index.php?rest_route=\/wp\/v2\/posts\/7035","targetHints":{"allow":["GET"]}}],"collection":[{"href":"https:\/\/formalprision.com\/index.php?rest_route=\/wp\/v2\/posts"}],"about":[{"href":"https:\/\/formalprision.com\/index.php?rest_route=\/wp\/v2\/types\/post"}],"author":[{"embeddable":true,"href":"https:\/\/formalprision.com\/index.php?rest_route=\/wp\/v2\/users\/1"}],"replies":[{"embeddable":true,"href":"https:\/\/formalprision.com\/index.php?rest_route=%2Fwp%2Fv2%2Fcomments&post=7035"}],"version-history":[{"count":0,"href":"https:\/\/formalprision.com\/index.php?rest_route=\/wp\/v2\/posts\/7035\/revisions"}],"wp:featuredmedia":[{"embeddable":true,"href":"https:\/\/formalprision.com\/index.php?rest_route=\/wp\/v2\/media\/24167"}],"wp:attachment":[{"href":"https:\/\/formalprision.com\/index.php?rest_route=%2Fwp%2Fv2%2Fmedia&parent=7035"}],"wp:term":[{"taxonomy":"category","embeddable":true,"href":"https:\/\/formalprision.com\/index.php?rest_route=%2Fwp%2Fv2%2Fcategories&post=7035"},{"taxonomy":"post_tag","embeddable":true,"href":"https:\/\/formalprision.com\/index.php?rest_route=%2Fwp%2Fv2%2Ftags&post=7035"}],"curies":[{"name":"wp","href":"https:\/\/api.w.org\/{rel}","templated":true}]}}