{"id":7043,"date":"2012-04-20T14:00:00","date_gmt":"2012-04-20T14:00:00","guid":{"rendered":"http:\/\/formalprision.info\/2012\/04\/20\/revelan-canibalismo-entre-perros-en\/"},"modified":"2015-06-03T08:52:32","modified_gmt":"2015-06-03T08:52:32","slug":"revelan-canibalismo-entre-perros-en","status":"publish","type":"post","link":"https:\/\/formalprision.com\/?p=7043","title":{"rendered":"Revelan canibalismo entre perros en centro canino del Ayuntamiento de M\u00e9rida"},"content":{"rendered":"<p><\/p>\n<div class=\"separator\" style=\"clear: both; text-align: center;\"><a href=\"http:\/\/1.bp.blogspot.com\/-Trz91uTGp8o\/T5EHVWxgEfI\/AAAAAAAAGl8\/m-2TLXXC1dU\/s1600\/aaalosperitos.jpg\" imageanchor=\"1\" style=\"margin-left: 1em; margin-right: 1em;\"><img loading=\"lazy\" decoding=\"async\" border=\"0\" height=\"240\" src=\"http:\/\/formalprision.com\/wp-content\/uploads\/2012\/04\/aaalosperitos.jpg\" width=\"320\" \/><\/a><\/div>\n<div style=\"border-bottom-width: 0px; border-left-width: 0px; border-right-width: 0px; border-top-width: 0px; font-size: 15px; margin-bottom: 8px; outline-color: initial; outline-style: initial; outline-width: 0px; padding-bottom: 0px; padding-left: 0px; padding-right: 0px; padding-top: 0px; vertical-align: baseline;\">Los casos de&nbsp;canibalismo&nbsp;por  falta de alimentaci\u00f3n a perros albergados en el&nbsp;Centro  de Control Canino y Felino&nbsp;del&nbsp;Ayuntamiento  de M\u00e9rida, despert\u00f3 &nbsp;indignaci\u00f3n de la&nbsp;Asociaci\u00f3n  por los Derechos de los Animales en Yucat\u00e1n, A.C. (Aday).<\/div>\n<div style=\"border-bottom-width: 0px; border-left-width: 0px; border-right-width: 0px; border-top-width: 0px; font-size: 15px; margin-bottom: 8px; outline-color: initial; outline-style: initial; outline-width: 0px; padding-bottom: 0px; padding-left: 0px; padding-right: 0px; padding-top: 0px; vertical-align: baseline;\">Al  conocer la denuncia de abandono y pr\u00e1cticas ilegales en ese sitio,&nbsp;Rosario  Sosa Parra, presidenta de agrupaci\u00f3n, se\u00f1al\u00f3 que le consta el mal trato  que se da a los animales en esas instalaciones.<\/div>\n<div style=\"border-bottom-width: 0px; border-left-width: 0px; border-right-width: 0px; border-top-width: 0px; font-size: 15px; margin-bottom: 8px; outline-color: initial; outline-style: initial; outline-width: 0px; padding-bottom: 0px; padding-left: 0px; padding-right: 0px; padding-top: 0px; vertical-align: baseline;\">\u00abEn  cierto tiempo, a\u00f1os atr\u00e1s, hubo avances, pero volvieron a las viejas pr\u00e1cticas\u00bb,  opin\u00f3 en entrevista.<\/div>\n<div style=\"border-bottom-width: 0px; border-left-width: 0px; border-right-width: 0px; border-top-width: 0px; font-size: 15px; margin-bottom: 8px; outline-color: initial; outline-style: initial; outline-width: 0px; padding-bottom: 0px; padding-left: 0px; padding-right: 0px; padding-top: 0px; vertical-align: baseline;\">\u00abComo  saben que los van a matar (a los animales), pues los empleados no les dan agua  ni alimentos. No hay sacrificio humanitario, todo lo contrario, se hace con  crueldad, los matan con veneno\u00bb, afirm\u00f3.<\/div>\n<div style=\"border-bottom-width: 0px; border-left-width: 0px; border-right-width: 0px; border-top-width: 0px; font-size: 15px; margin-bottom: 8px; outline-color: initial; outline-style: initial; outline-width: 0px; padding-bottom: 0px; padding-left: 0px; padding-right: 0px; padding-top: 0px; vertical-align: baseline;\">Sosa  Parra mencion\u00f3 que en sus visitas frecuentes a la \u00abperrera municipal\u00bb ha  observado que predominan las condiciones insalubres y los encierros con  crueldad.<\/div>\n<div style=\"border-bottom-width: 0px; border-left-width: 0px; border-right-width: 0px; border-top-width: 0px; font-size: 15px; margin-bottom: 8px; outline-color: initial; outline-style: initial; outline-width: 0px; padding-bottom: 0px; padding-left: 0px; padding-right: 0px; padding-top: 0px; vertical-align: baseline;\">\u00abLlegan  animales heridos, con partes del cuerpo destrozados, y as\u00ed los dejan las 48  horas hasta que son sacrificados\u00bb, indic\u00f3.<\/div>\n<div style=\"border-bottom-width: 0px; border-left-width: 0px; border-right-width: 0px; border-top-width: 0px; font-size: 15px; margin-bottom: 8px; outline-color: initial; outline-style: initial; outline-width: 0px; padding-bottom: 0px; padding-left: 0px; padding-right: 0px; padding-top: 0px; vertical-align: baseline;\">Ayer,  el ex coordinador del Centro de Control Canino y Felino,&nbsp;C\u00e9sar  P\u00e9rez M\u00e9rida, exhibi\u00f3 fotograf\u00edas para sustentar los dichos de que  algunos perros se comen a los otros.<\/div>\n<div style=\"border-bottom-width: 0px; border-left-width: 0px; border-right-width: 0px; border-top-width: 0px; font-size: 15px; margin-bottom: 8px; outline-color: initial; outline-style: initial; outline-width: 0px; padding-bottom: 0px; padding-left: 0px; padding-right: 0px; padding-top: 0px; vertical-align: baseline;\">\u00abNo  se surte ni comida para los animales, lo que ha despertado su instinto que los  ha llevado a comerse unos a otros\u00bb, acus\u00f3.<\/div>\n<div style=\"border-bottom-width: 0px; border-left-width: 0px; border-right-width: 0px; border-top-width: 0px; font-size: 15px; margin-bottom: 8px; outline-color: initial; outline-style: initial; outline-width: 0px; padding-bottom: 0px; padding-left: 0px; padding-right: 0px; padding-top: 0px; vertical-align: baseline;\">Ayer, el funcionario fue citado en la Direcci\u00f3n de Gobernaci\u00f3n del Municipio y  la Secretar\u00eda de la Comuna.<\/div>\n<div style=\"border-bottom-width: 0px; border-left-width: 0px; border-right-width: 0px; border-top-width: 0px; font-size: 15px; margin-bottom: 8px; outline-color: initial; outline-style: initial; outline-width: 0px; padding-bottom: 0px; padding-left: 0px; padding-right: 0px; padding-top: 0px; vertical-align: baseline;\">\u00abEstoy  intentado canalizar esta informaci\u00f3n primero a las autoridades. Ah\u00ed est\u00e1n las  im\u00e1genes y documentaci\u00f3n, hay testimonios y testigos\u00bb, explic\u00f3 v\u00eda  telef\u00f3nica.<\/div>\n<div style=\"border-bottom-width: 0px; border-left-width: 0px; border-right-width: 0px; border-top-width: 0px; font-size: 15px; margin-bottom: 8px; outline-color: initial; outline-style: initial; outline-width: 0px; padding-bottom: 0px; padding-left: 0px; padding-right: 0px; padding-top: 0px; vertical-align: baseline;\">P\u00e9rez  M\u00e9rida fung\u00eda como coordinador de Saneamiento Ambiental y Zoonosis del  Ayuntamiento de M\u00e9rida, adscrito al Instituto Municipal de Salud, y fue dado de  baja por se\u00f1alar a un compa\u00f1ero que realiza tareas partidistas en horario  laboral. (Con informaci\u00f3n del peri\u00f3dico Reforma)&nbsp;<\/div>\n","protected":false},"excerpt":{"rendered":"<p>Los casos de&nbsp;canibalismo&nbsp;por falta de alimentaci\u00f3n a perros albergados en el&nbsp;Centro de Control Canino y Felino&nbsp;del&nbsp;Ayuntamiento de M\u00e9rida, despert\u00f3 &nbsp;indignaci\u00f3n de la&nbsp;Asociaci\u00f3n por los Derechos de los Animales en Yucat\u00e1n,<\/p>\n","protected":false},"author":1,"featured_media":24183,"comment_status":"open","ping_status":"open","sticky":false,"template":"","format":"standard","meta":{"jetpack_post_was_ever_published":false,"_jetpack_newsletter_access":"","_jetpack_dont_email_post_to_subs":false,"_jetpack_newsletter_tier_id":0,"_jetpack_memberships_contains_paywalled_content":false,"_jetpack_memberships_contains_paid_content":false,"footnotes":"","jetpack_publicize_message":"","jetpack_publicize_feature_enabled":true,"jetpack_social_post_already_shared":false,"jetpack_social_options":{"image_generator_settings":{"template":"highway","default_image_id":0,"font":"","enabled":false},"version":2}},"categories":[3,1,49,53],"tags":[],"class_list":["post-7043","post","type-post","status-publish","format-standard","has-post-thumbnail","hentry","category-portada","category-sin-categoria","category-tocho-morocho","category-yo-no-fui"],"jetpack_publicize_connections":[],"jetpack_featured_media_url":"https:\/\/formalprision.com\/wp-content\/uploads\/2012\/04\/aaalosperitos.jpg","jetpack_sharing_enabled":true,"jetpack_shortlink":"https:\/\/wp.me\/p6id8p-1PB","_links":{"self":[{"href":"https:\/\/formalprision.com\/index.php?rest_route=\/wp\/v2\/posts\/7043","targetHints":{"allow":["GET"]}}],"collection":[{"href":"https:\/\/formalprision.com\/index.php?rest_route=\/wp\/v2\/posts"}],"about":[{"href":"https:\/\/formalprision.com\/index.php?rest_route=\/wp\/v2\/types\/post"}],"author":[{"embeddable":true,"href":"https:\/\/formalprision.com\/index.php?rest_route=\/wp\/v2\/users\/1"}],"replies":[{"embeddable":true,"href":"https:\/\/formalprision.com\/index.php?rest_route=%2Fwp%2Fv2%2Fcomments&post=7043"}],"version-history":[{"count":0,"href":"https:\/\/formalprision.com\/index.php?rest_route=\/wp\/v2\/posts\/7043\/revisions"}],"wp:featuredmedia":[{"embeddable":true,"href":"https:\/\/formalprision.com\/index.php?rest_route=\/wp\/v2\/media\/24183"}],"wp:attachment":[{"href":"https:\/\/formalprision.com\/index.php?rest_route=%2Fwp%2Fv2%2Fmedia&parent=7043"}],"wp:term":[{"taxonomy":"category","embeddable":true,"href":"https:\/\/formalprision.com\/index.php?rest_route=%2Fwp%2Fv2%2Fcategories&post=7043"},{"taxonomy":"post_tag","embeddable":true,"href":"https:\/\/formalprision.com\/index.php?rest_route=%2Fwp%2Fv2%2Ftags&post=7043"}],"curies":[{"name":"wp","href":"https:\/\/api.w.org\/{rel}","templated":true}]}}