{"id":7055,"date":"2012-04-18T17:44:00","date_gmt":"2012-04-18T17:44:00","guid":{"rendered":"http:\/\/formalprision.info\/2012\/04\/18\/movilizacion-por-hallazgo-de-una\/"},"modified":"2015-06-03T08:52:36","modified_gmt":"2015-06-03T08:52:36","slug":"movilizacion-por-hallazgo-de-una","status":"publish","type":"post","link":"https:\/\/formalprision.com\/?p=7055","title":{"rendered":"Movilizaci\u00f3n por hallazgo de una granada inservible en la Col. Alem\u00e1n"},"content":{"rendered":"<p><\/p>\n<div class=\"MsoNormal\">Una granada hallada este d\u00eda en la colonia Alem\u00e1n moviliz\u00f3 a polic\u00edas estatales y elementos del Ej\u00e9rcito Mexicano.<\/div>\n<div class=\"MsoNormal\">La granada fue hallada en la v\u00eda p\u00fablica, en la calle 27 entre 27 y 30 de la colonia Alem\u00e1n.<\/div>\n<div class=\"MsoNormal\">Estaba inservible y al parecer era de un coleccionista, pues se hall\u00f3 junto con una base usada para exhibici\u00f3n.<\/div>\n<div class=\"MsoNormal\">Al sitio acudieron de inmediato agentes de la SSO y acordonaron la zona, una vez que encontraron la granada, que a simple vista, parec\u00eda estar inservible.<\/div>\n<div class=\"MsoNormal\">Acudi\u00f3 personal especializado en explosivos de la corporaci\u00f3n y confirmaron que no representaba peligro, aunque notificaron de inmediato al Ej\u00e9rcito Mexicano.<\/div>\n<div class=\"MsoNormal\">Soldados especiales acudieron al sitio y se hicieron cargo de la granada con equipo especial,<\/div>\n<div class=\"MsoNormal\">Fue trasladada en una tanqueta hasta las instalaciones de la 10 Regi\u00f3n Militar, donde ser\u00e1 destruida, toda vez que se verific\u00f3 que est\u00e1 en mal estado.<\/div>\n<div class=\"MsoNormal\">Es la segunda ocasi\u00f3n que se halla una granada en la zona, pues hace un par de a\u00f1os tambi\u00e9n se encontr\u00f3 una similar en la Col. San Esteban (Formalprisi\u00f3n.com<\/div>\n","protected":false},"excerpt":{"rendered":"<p>Una granada hallada este d\u00eda en la colonia Alem\u00e1n moviliz\u00f3 a polic\u00edas estatales y elementos del Ej\u00e9rcito Mexicano. La granada fue hallada en la v\u00eda p\u00fablica, en la calle 27<\/p>\n","protected":false},"author":1,"featured_media":0,"comment_status":"open","ping_status":"open","sticky":false,"template":"","format":"standard","meta":{"jetpack_post_was_ever_published":false,"_jetpack_newsletter_access":"","_jetpack_dont_email_post_to_subs":false,"_jetpack_newsletter_tier_id":0,"_jetpack_memberships_contains_paywalled_content":false,"_jetpack_memberships_contains_paid_content":false,"footnotes":"","jetpack_publicize_message":"","jetpack_publicize_feature_enabled":true,"jetpack_social_post_already_shared":false,"jetpack_social_options":{"image_generator_settings":{"template":"highway","default_image_id":0,"font":"","enabled":false},"version":2}},"categories":[3,1,49],"tags":[],"class_list":["post-7055","post","type-post","status-publish","format-standard","hentry","category-portada","category-sin-categoria","category-tocho-morocho"],"jetpack_publicize_connections":[],"jetpack_featured_media_url":"","jetpack_sharing_enabled":true,"jetpack_shortlink":"https:\/\/wp.me\/p6id8p-1PN","_links":{"self":[{"href":"https:\/\/formalprision.com\/index.php?rest_route=\/wp\/v2\/posts\/7055","targetHints":{"allow":["GET"]}}],"collection":[{"href":"https:\/\/formalprision.com\/index.php?rest_route=\/wp\/v2\/posts"}],"about":[{"href":"https:\/\/formalprision.com\/index.php?rest_route=\/wp\/v2\/types\/post"}],"author":[{"embeddable":true,"href":"https:\/\/formalprision.com\/index.php?rest_route=\/wp\/v2\/users\/1"}],"replies":[{"embeddable":true,"href":"https:\/\/formalprision.com\/index.php?rest_route=%2Fwp%2Fv2%2Fcomments&post=7055"}],"version-history":[{"count":0,"href":"https:\/\/formalprision.com\/index.php?rest_route=\/wp\/v2\/posts\/7055\/revisions"}],"wp:attachment":[{"href":"https:\/\/formalprision.com\/index.php?rest_route=%2Fwp%2Fv2%2Fmedia&parent=7055"}],"wp:term":[{"taxonomy":"category","embeddable":true,"href":"https:\/\/formalprision.com\/index.php?rest_route=%2Fwp%2Fv2%2Fcategories&post=7055"},{"taxonomy":"post_tag","embeddable":true,"href":"https:\/\/formalprision.com\/index.php?rest_route=%2Fwp%2Fv2%2Ftags&post=7055"}],"curies":[{"name":"wp","href":"https:\/\/api.w.org\/{rel}","templated":true}]}}