{"id":7058,"date":"2012-04-17T21:55:00","date_gmt":"2012-04-17T21:55:00","guid":{"rendered":"http:\/\/formalprision.info\/2012\/04\/17\/ebrio-le-prende-fuego-la-ropa-de-su\/"},"modified":"2015-06-03T08:52:36","modified_gmt":"2015-06-03T08:52:36","slug":"ebrio-le-prende-fuego-la-ropa-de-su","status":"publish","type":"post","link":"https:\/\/formalprision.com\/?p=7058","title":{"rendered":"Ebrio le prende fuego a la ropa de su esposa y a los juguetes de sus hijos"},"content":{"rendered":"<p><\/p>\n<div class=\"separator\" style=\"clear: both; text-align: center;\"><a href=\"http:\/\/2.bp.blogspot.com\/-kGPrvEF6OSw\/T42h8SI92kI\/AAAAAAAAGjk\/Fcc-NrPofmc\/s1600\/aa16PINCENDIO_FP02.JPG\" imageanchor=\"1\" style=\"margin-left: 1em; margin-right: 1em;\"><img loading=\"lazy\" decoding=\"async\" border=\"0\" height=\"240\" src=\"http:\/\/formalprision.com\/wp-content\/uploads\/2012\/04\/aa16PINCENDIO_FP02.jpg\" width=\"320\" \/><\/a><\/div>\n<div class=\"MsoNormal\" style=\"background-attachment: initial; background-clip: initial; background-color: white; background-image: initial; background-origin: initial; background-position: initial initial; background-repeat: initial initial; margin-bottom: 0.0001pt;\">Jos\u00e9 Ricardo M\u00e9ndez Molina, marmolero de oficio y vecino de , fue detenido luego de ocasionar un incendio deliberado en su domicilio.<\/div>\n<div class=\"MsoNormal\" style=\"background-attachment: initial; background-clip: initial; background-color: white; background-image: initial; background-origin: initial; background-position: initial initial; background-repeat: initial initial; margin-bottom: 0.0001pt;\">El sujeto, actualmente desempleado, acab\u00f3 con la cama, zapatos, juguetes, ropa y otros art\u00edculos de la casa.<\/div>\n<div class=\"MsoNormal\" style=\"background-attachment: initial; background-clip: initial; background-color: white; background-image: initial; background-origin: initial; background-position: initial initial; background-repeat: initial initial; margin-bottom: 0.0001pt;\">Ayer compareci\u00f3 ante el Juzgado Quinto Penal acusado de &nbsp;da\u00f1o en propiedad ajena por incendio, por denuncia de su esposa Laura Olivia L\u00f3pez.<\/div>\n<div class=\"MsoNormal\" style=\"background-attachment: initial; background-clip: initial; background-color: white; background-image: initial; background-origin: initial; background-position: initial initial; background-repeat: initial initial; margin-bottom: 0.0001pt;\">La mujer dijo que su esposo se encontraba solo en la casa porque ella y sus hijos fueron a la fiesta de Dzity\u00e1.<\/div>\n<div class=\"MsoNormal\" style=\"background-attachment: initial; background-clip: initial; background-color: white; background-image: initial; background-origin: initial; background-position: initial initial; background-repeat: initial initial; margin-bottom: 0.0001pt;\">El sujeto, quien &nbsp;estaba ebrio, &nbsp;se molest\u00f3 y sac\u00f3 a la calle la cama, ropa de su mujer, juguetes de sus hijos y otros art\u00edculos y les prendi\u00f3 fuego luego de rociaros con thiner.<\/div>\n<div class=\"MsoNormal\" style=\"background-attachment: initial; background-clip: initial; background-color: white; background-image: initial; background-origin: initial; background-position: initial initial; background-repeat: initial initial; margin-bottom: 0.0001pt;\">Al llegar su esposa, el sujeto no neg\u00f3 los hechos, por lo que la mujer le reclam\u00f3 porque lo poco que gana se lo gasta en cervezas y en respuesta recibi\u00f3 algunas bofetadas.<\/div>\n<div class=\"MsoNormal\" style=\"background-attachment: initial; background-clip: initial; background-color: white; background-image: initial; background-origin: initial; background-position: initial initial; background-repeat: initial initial; margin-bottom: 0.0001pt;\">Uno de los hijos acudi\u00f3 a pedir auxilio a la polic\u00eda, cuyos agentes detuvieron al pir\u00f3mano m\u00e1s tarde.<\/div>\n<div class=\"MsoNormal\" style=\"background-attachment: initial; background-clip: initial; background-color: white; background-image: initial; background-origin: initial; background-position: initial initial; background-repeat: initial initial; margin-bottom: 0.0001pt;\">En su declaraci\u00f3n, el detenido dijo que si quem\u00f3 el colch\u00f3n, pero que lo hizo porque le hab\u00edan dado un pr\u00e9stamo y ya iba a comprar una nueva.<\/div>\n<div class=\"MsoNormal\" style=\"background-attachment: initial; background-clip: initial; background-color: white; background-image: initial; background-origin: initial; background-position: initial initial; background-repeat: initial initial; margin-bottom: 0.0001pt;\">Los juguetes, afirm\u00f3, los quem\u00f3 tiempo atr\u00e1s porque su hija contrajo una alergia y tuvo que destruirlos.<\/div>\n<div class=\"separator\" style=\"clear: both; text-align: center;\"><a href=\"http:\/\/2.bp.blogspot.com\/-kGPrvEF6OSw\/T42h8SI92kI\/AAAAAAAAGjk\/Fcc-NrPofmc\/s1600\/aa16PINCENDIO_FP02.JPG\" imageanchor=\"1\" style=\"margin-left: 1em; margin-right: 1em;\"><img loading=\"lazy\" decoding=\"async\" border=\"0\" height=\"240\" src=\"http:\/\/formalprision.com\/wp-content\/uploads\/2012\/04\/aa16PINCENDIO_FP02.jpg\" width=\"320\" \/><\/a><\/div>\n<div class=\"MsoNormal\" style=\"background-attachment: initial; background-clip: initial; background-color: white; background-image: initial; background-origin: initial; background-position: initial initial; background-repeat: initial initial; margin-bottom: 0.0001pt;\">Sobre la ropa, dijo que nos e dio cuenta que entre el colch\u00f3n hab\u00eda una prenda de su esposa. (Acom)<\/div>\n<div class=\"MsoNormal\" style=\"background-attachment: initial; background-clip: initial; background-color: white; background-image: initial; background-origin: initial; background-position: initial initial; background-repeat: initial initial; margin-bottom: 0.0001pt;\"><\/div>\n","protected":false},"excerpt":{"rendered":"<p>Jos\u00e9 Ricardo M\u00e9ndez Molina, marmolero de oficio y vecino de , fue detenido luego de ocasionar un incendio deliberado en su domicilio. El sujeto, actualmente desempleado, acab\u00f3 con la cama,<\/p>\n","protected":false},"author":1,"featured_media":24214,"comment_status":"open","ping_status":"open","sticky":false,"template":"","format":"standard","meta":{"jetpack_post_was_ever_published":false,"_jetpack_newsletter_access":"","_jetpack_dont_email_post_to_subs":false,"_jetpack_newsletter_tier_id":0,"_jetpack_memberships_contains_paywalled_content":false,"_jetpack_memberships_contains_paid_content":false,"footnotes":"","jetpack_publicize_message":"","jetpack_publicize_feature_enabled":true,"jetpack_social_post_already_shared":false,"jetpack_social_options":{"image_generator_settings":{"template":"highway","default_image_id":0,"font":"","enabled":false},"version":2}},"categories":[56,3,1],"tags":[],"class_list":["post-7058","post","type-post","status-publish","format-standard","has-post-thumbnail","hentry","category-incendios","category-portada","category-sin-categoria"],"jetpack_publicize_connections":[],"jetpack_featured_media_url":"https:\/\/formalprision.com\/wp-content\/uploads\/2012\/04\/aa16PINCENDIO_FP021.jpg","jetpack_sharing_enabled":true,"jetpack_shortlink":"https:\/\/wp.me\/p6id8p-1PQ","_links":{"self":[{"href":"https:\/\/formalprision.com\/index.php?rest_route=\/wp\/v2\/posts\/7058","targetHints":{"allow":["GET"]}}],"collection":[{"href":"https:\/\/formalprision.com\/index.php?rest_route=\/wp\/v2\/posts"}],"about":[{"href":"https:\/\/formalprision.com\/index.php?rest_route=\/wp\/v2\/types\/post"}],"author":[{"embeddable":true,"href":"https:\/\/formalprision.com\/index.php?rest_route=\/wp\/v2\/users\/1"}],"replies":[{"embeddable":true,"href":"https:\/\/formalprision.com\/index.php?rest_route=%2Fwp%2Fv2%2Fcomments&post=7058"}],"version-history":[{"count":0,"href":"https:\/\/formalprision.com\/index.php?rest_route=\/wp\/v2\/posts\/7058\/revisions"}],"wp:featuredmedia":[{"embeddable":true,"href":"https:\/\/formalprision.com\/index.php?rest_route=\/wp\/v2\/media\/24214"}],"wp:attachment":[{"href":"https:\/\/formalprision.com\/index.php?rest_route=%2Fwp%2Fv2%2Fmedia&parent=7058"}],"wp:term":[{"taxonomy":"category","embeddable":true,"href":"https:\/\/formalprision.com\/index.php?rest_route=%2Fwp%2Fv2%2Fcategories&post=7058"},{"taxonomy":"post_tag","embeddable":true,"href":"https:\/\/formalprision.com\/index.php?rest_route=%2Fwp%2Fv2%2Ftags&post=7058"}],"curies":[{"name":"wp","href":"https:\/\/api.w.org\/{rel}","templated":true}]}}