{"id":7059,"date":"2012-04-17T18:58:00","date_gmt":"2012-04-17T18:58:00","guid":{"rendered":"http:\/\/formalprision.info\/2012\/04\/17\/volchito-sucumbe-ante-el-fuego-en\/"},"modified":"2015-06-03T08:52:37","modified_gmt":"2015-06-03T08:52:37","slug":"volchito-sucumbe-ante-el-fuego-en","status":"publish","type":"post","link":"https:\/\/formalprision.com\/?p=7059","title":{"rendered":"Volchito sucumbe ante el fuego en Chich\u00ed Su\u00e1rez"},"content":{"rendered":"<p><\/p>\n<div class=\"separator\" style=\"clear: both; text-align: center;\"><a href=\"http:\/\/2.bp.blogspot.com\/-4059cygdynA\/T429IhwSR_I\/AAAAAAAAGjs\/kGLZlcoZQQI\/s1600\/aaaincendiod+eautomotor.jpg\" imageanchor=\"1\" style=\"margin-left: 1em; margin-right: 1em;\"><img loading=\"lazy\" decoding=\"async\" border=\"0\" height=\"240\" src=\"http:\/\/formalprision.com\/wp-content\/uploads\/2012\/04\/aaaincendiod-eautomotor.jpg\" width=\"320\" \/><\/a><\/div>\n<div class=\"MsoNormal\" style=\"background-attachment: initial; background-clip: initial; background-color: white; background-image: initial; background-origin: initial; background-position: initial initial; background-repeat: initial initial; margin-bottom: 16.2pt;\">Un volchito sucumbi\u00f3 este d\u00eda ante el fuego en la comisar\u00eda meridana de Chich\u00ed Su\u00e1rez.<\/div>\n<div class=\"MsoNormal\" style=\"background-attachment: initial; background-clip: initial; background-color: white; background-image: initial; background-origin: initial; background-position: initial initial; background-repeat: initial initial; margin-bottom: 16.2pt;\">El siniestro tuvo lugar cerca del entronque con el Perif\u00e9rico, cuando el Volkswaguen Sedan placas ZAH-3074. conducido por Brenda Noemi Contreras, quien circulaba de &nbsp;poniente a oriente sobre la avenida Chich\u00ed Suarez.<\/div>\n<div class=\"MsoNormal\" style=\"background-attachment: initial; background-clip: initial; background-color: white; background-image: initial; background-origin: initial; background-position: initial initial; background-repeat: initial initial; margin-bottom: 16.2pt;\">La conductora se percat\u00f3 del humo, por lo que se estacion\u00f3 r\u00e1pidamente y al notar el fuego, pidi\u00f3 ayuda luego e ponerse a salvo.<\/div>\n<div class=\"MsoNormal\" style=\"background-attachment: initial; background-clip: initial; background-color: white; background-image: initial; background-origin: initial; background-position: initial initial; background-repeat: initial initial; margin-bottom: 16.2pt;\">Automovilistas y otras personas auxiliaron con extinguidores, pero el fuego ya hab\u00eda hecho su trabajo, destruyendo el carro y dej\u00e1ndolo inservible.<\/div>\n<div class=\"MsoNormal\" style=\"background-attachment: initial; background-clip: initial; background-color: white; background-image: initial; background-origin: initial; background-position: initial initial; background-repeat: initial initial; margin-bottom: 16.2pt;\">Al lugar llegaron los bomberos, pero nada m\u00e1s para terminar de apagar el fuego y salvar peque\u00f1as partes del automotor.<\/div>\n<div class=\"MsoNormal\"><\/div>\n","protected":false},"excerpt":{"rendered":"<p>Un volchito sucumbi\u00f3 este d\u00eda ante el fuego en la comisar\u00eda meridana de Chich\u00ed Su\u00e1rez. El siniestro tuvo lugar cerca del entronque con el Perif\u00e9rico, cuando el Volkswaguen Sedan placas<\/p>\n","protected":false},"author":1,"featured_media":24216,"comment_status":"open","ping_status":"open","sticky":false,"template":"","format":"standard","meta":{"jetpack_post_was_ever_published":false,"_jetpack_newsletter_access":"","_jetpack_dont_email_post_to_subs":false,"_jetpack_newsletter_tier_id":0,"_jetpack_memberships_contains_paywalled_content":false,"_jetpack_memberships_contains_paid_content":false,"footnotes":"","jetpack_publicize_message":"","jetpack_publicize_feature_enabled":true,"jetpack_social_post_already_shared":false,"jetpack_social_options":{"image_generator_settings":{"template":"highway","default_image_id":0,"font":"","enabled":false},"version":2}},"categories":[56,3,1],"tags":[],"class_list":["post-7059","post","type-post","status-publish","format-standard","has-post-thumbnail","hentry","category-incendios","category-portada","category-sin-categoria"],"jetpack_publicize_connections":[],"jetpack_featured_media_url":"https:\/\/formalprision.com\/wp-content\/uploads\/2012\/04\/aaaincendiod-eautomotor.jpg","jetpack_sharing_enabled":true,"jetpack_shortlink":"https:\/\/wp.me\/p6id8p-1PR","_links":{"self":[{"href":"https:\/\/formalprision.com\/index.php?rest_route=\/wp\/v2\/posts\/7059","targetHints":{"allow":["GET"]}}],"collection":[{"href":"https:\/\/formalprision.com\/index.php?rest_route=\/wp\/v2\/posts"}],"about":[{"href":"https:\/\/formalprision.com\/index.php?rest_route=\/wp\/v2\/types\/post"}],"author":[{"embeddable":true,"href":"https:\/\/formalprision.com\/index.php?rest_route=\/wp\/v2\/users\/1"}],"replies":[{"embeddable":true,"href":"https:\/\/formalprision.com\/index.php?rest_route=%2Fwp%2Fv2%2Fcomments&post=7059"}],"version-history":[{"count":0,"href":"https:\/\/formalprision.com\/index.php?rest_route=\/wp\/v2\/posts\/7059\/revisions"}],"wp:featuredmedia":[{"embeddable":true,"href":"https:\/\/formalprision.com\/index.php?rest_route=\/wp\/v2\/media\/24216"}],"wp:attachment":[{"href":"https:\/\/formalprision.com\/index.php?rest_route=%2Fwp%2Fv2%2Fmedia&parent=7059"}],"wp:term":[{"taxonomy":"category","embeddable":true,"href":"https:\/\/formalprision.com\/index.php?rest_route=%2Fwp%2Fv2%2Fcategories&post=7059"},{"taxonomy":"post_tag","embeddable":true,"href":"https:\/\/formalprision.com\/index.php?rest_route=%2Fwp%2Fv2%2Ftags&post=7059"}],"curies":[{"name":"wp","href":"https:\/\/api.w.org\/{rel}","templated":true}]}}