{"id":7061,"date":"2012-04-16T21:32:00","date_gmt":"2012-04-16T21:32:00","guid":{"rendered":"http:\/\/formalprision.info\/2012\/04\/16\/a-prision-por-atacar-con-un-cuchillo\/"},"modified":"2015-06-03T08:52:37","modified_gmt":"2015-06-03T08:52:37","slug":"a-prision-por-atacar-con-un-cuchillo","status":"publish","type":"post","link":"https:\/\/formalprision.com\/?p=7061","title":{"rendered":"A prisi\u00f3n por atacar con un cuchillo a sus enemigos"},"content":{"rendered":"<p><\/p>\n<div class=\"separator\" style=\"clear: both; text-align: center;\"><a href=\"http:\/\/3.bp.blogspot.com\/-deJ9PAsKrXE\/T4yPZMWNoaI\/AAAAAAAAGjc\/2293Vzdj0gc\/s1600\/aaguardalasguardaslas.jpg\" imageanchor=\"1\" style=\"margin-left: 1em; margin-right: 1em;\"><img loading=\"lazy\" decoding=\"async\" border=\"0\" height=\"320\" src=\"http:\/\/formalprision.com\/wp-content\/uploads\/2012\/04\/aaguardalasguardaslas.jpg\" width=\"300\" \/><\/a><\/div>\n<div class=\"ecxmsonormal\" style=\"background: white; line-height: 115%; text-align: justify;\">Agentes Ministeriales detuvieron a Luis Bacab Tamayo, de 23 a\u00f1os de edad, por atacar con un cuchillo a dos personas.<\/div>\n<div class=\"ecxmsonormal\" style=\"background: white; line-height: 115%; text-align: justify;\">Fue acusado de portaci\u00f3n de armas e instrumentos prohibidos, denunciados por Antonio Dorantes Canul, Diego Carrillo Canul y Jos\u00e9 Enrique Carrillo Huchim.<\/div>\n<div class=\"ecxmsonormal\" style=\"background: white; line-height: 115%; text-align: justify;\">El sujeto atac\u00f3 con un arma blanca a los denunciantes, quienes se encontraban a las puertas del predio 376 de la calle 2 por 33 de colonia Salvador Alvarado Sur.<\/div>\n<div class=\"ecxmsonormal\" style=\"background: white; line-height: 115%; text-align: justify;\">Durante la agresi\u00f3n registrada el 15 de mayo del a\u00f1o pasado, Bacab Tamayo lesion\u00f3 con el cuchillo que portaba a &nbsp;Carrillo Huchim, a quien ocasion\u00f3 una cortada en la espalda.&nbsp;<\/div>\n<div class=\"ecxmsonormal\" style=\"background: white; line-height: 115%; text-align: justify;\">El sujeto fue denunciado penalmente y se origin\u00f3 la orden de aprehensi\u00f3n en su contra que ahora fue cumplida, por lo que tras ser detenido fue remitido al CE.RE.SO, en donde enfrentar\u00e1 los cargos que se le imputan ante un juez penal.&nbsp;<\/div>\n","protected":false},"excerpt":{"rendered":"<p>Agentes Ministeriales detuvieron a Luis Bacab Tamayo, de 23 a\u00f1os de edad, por atacar con un cuchillo a dos personas. Fue acusado de portaci\u00f3n de armas e instrumentos prohibidos, denunciados<\/p>\n","protected":false},"author":1,"featured_media":24220,"comment_status":"open","ping_status":"open","sticky":false,"template":"","format":"standard","meta":{"jetpack_post_was_ever_published":false,"_jetpack_newsletter_access":"","_jetpack_dont_email_post_to_subs":false,"_jetpack_newsletter_tier_id":0,"_jetpack_memberships_contains_paywalled_content":false,"_jetpack_memberships_contains_paid_content":false,"footnotes":"","jetpack_publicize_message":"","jetpack_publicize_feature_enabled":true,"jetpack_social_post_already_shared":false,"jetpack_social_options":{"image_generator_settings":{"template":"highway","default_image_id":0,"font":"","enabled":false},"version":2}},"categories":[3,1,53],"tags":[],"class_list":["post-7061","post","type-post","status-publish","format-standard","has-post-thumbnail","hentry","category-portada","category-sin-categoria","category-yo-no-fui"],"jetpack_publicize_connections":[],"jetpack_featured_media_url":"https:\/\/formalprision.com\/wp-content\/uploads\/2012\/04\/aaguardalasguardaslas.jpg","jetpack_sharing_enabled":true,"jetpack_shortlink":"https:\/\/wp.me\/p6id8p-1PT","_links":{"self":[{"href":"https:\/\/formalprision.com\/index.php?rest_route=\/wp\/v2\/posts\/7061","targetHints":{"allow":["GET"]}}],"collection":[{"href":"https:\/\/formalprision.com\/index.php?rest_route=\/wp\/v2\/posts"}],"about":[{"href":"https:\/\/formalprision.com\/index.php?rest_route=\/wp\/v2\/types\/post"}],"author":[{"embeddable":true,"href":"https:\/\/formalprision.com\/index.php?rest_route=\/wp\/v2\/users\/1"}],"replies":[{"embeddable":true,"href":"https:\/\/formalprision.com\/index.php?rest_route=%2Fwp%2Fv2%2Fcomments&post=7061"}],"version-history":[{"count":0,"href":"https:\/\/formalprision.com\/index.php?rest_route=\/wp\/v2\/posts\/7061\/revisions"}],"wp:featuredmedia":[{"embeddable":true,"href":"https:\/\/formalprision.com\/index.php?rest_route=\/wp\/v2\/media\/24220"}],"wp:attachment":[{"href":"https:\/\/formalprision.com\/index.php?rest_route=%2Fwp%2Fv2%2Fmedia&parent=7061"}],"wp:term":[{"taxonomy":"category","embeddable":true,"href":"https:\/\/formalprision.com\/index.php?rest_route=%2Fwp%2Fv2%2Fcategories&post=7061"},{"taxonomy":"post_tag","embeddable":true,"href":"https:\/\/formalprision.com\/index.php?rest_route=%2Fwp%2Fv2%2Ftags&post=7061"}],"curies":[{"name":"wp","href":"https:\/\/api.w.org\/{rel}","templated":true}]}}