{"id":7063,"date":"2012-04-16T20:07:00","date_gmt":"2012-04-16T20:07:00","guid":{"rendered":"http:\/\/formalprision.info\/2012\/04\/16\/muere-automovilista-en-brutal-impacto\/"},"modified":"2015-06-03T08:52:37","modified_gmt":"2015-06-03T08:52:37","slug":"muere-automovilista-en-brutal-impacto","status":"publish","type":"post","link":"https:\/\/formalprision.com\/?p=7063","title":{"rendered":"Muere automovilista en brutal impacto en el Perif\u00e9rico"},"content":{"rendered":"<p><\/p>\n<div class=\"separator\" style=\"clear: both; text-align: center;\"><a href=\"http:\/\/4.bp.blogspot.com\/-_Gg3ZFzRi3k\/T4x704Er8kI\/AAAAAAAAGjM\/1xfix1lA7aA\/s1600\/aaavacas.JPG\" imageanchor=\"1\" style=\"margin-left: 1em; margin-right: 1em;\"><img loading=\"lazy\" decoding=\"async\" border=\"0\" height=\"240\" src=\"http:\/\/formalprision.com\/wp-content\/uploads\/2012\/04\/aaavacas.jpg\" width=\"320\" \/><\/a><\/div>\n<div class=\"MsoNormal\" style=\"background-attachment: initial; background-clip: initial; background-color: white; background-image: initial; background-origin: initial; background-position: initial initial; background-repeat: initial initial; margin-bottom: 0.0001pt;\">El Perif\u00e9rico cobr\u00f3 una vida m\u00e1s este mediod\u00eda al morir un automovilista cuando transitaba en el Poniente de esa v\u00eda.<\/div>\n<div class=\"MsoNormal\" style=\"background-attachment: initial; background-clip: initial; background-color: white; background-image: initial; background-origin: initial; background-position: initial initial; background-repeat: initial initial; margin-bottom: 0.0001pt;\">De acuerdo con los datos recabados, el guiador, de unos 40 a\u00f1os de edad, &nbsp;muri\u00f3 prensado dentro del Tsuru &nbsp;que conduc\u00eda, que coc\u00f3 contra un poste de alumbrado p\u00fablico y un par de \u00e1rboles.<\/div>\n<div class=\"MsoNormal\" style=\"background-attachment: initial; background-clip: initial; background-color: white; background-image: initial; background-origin: initial; background-position: initial initial; background-repeat: initial initial; margin-bottom: 0.0001pt;\">El percance ocurri\u00f3 a las 11:35 horas, a la altura del kil\u00f3metro 35 de esa v\u00eda, cerca del edificio sede del Crit de Televisa.<\/div>\n<div class=\"MsoNormal\" style=\"background-attachment: initial; background-clip: initial; background-color: white; background-image: initial; background-origin: initial; background-position: initial initial; background-repeat: initial initial; margin-bottom: 0.0001pt;\">En ese lugar, el guiador perdi\u00f3 el control del veh\u00edculo por motivos desconocidos y colision\u00f3 de llen\u00f3 contra el poste de alumbrado p\u00fablico, cuya base de concreto fue pr\u00e1cticamente la tumba del guiador.<\/div>\n<div class=\"MsoNormal\" style=\"background-attachment: initial; background-clip: initial; background-color: white; background-image: initial; background-origin: initial; background-position: initial initial; background-repeat: initial initial; margin-bottom: 0.0001pt;\">Bomberos de la unidad 827 tuvieron que retirar la portezuela del veh\u00edculo y enderezar algunos fierros para poder sacar el cuerpo, que hasta el momento no ha sido identificado.<\/div>\n<div class=\"MsoNormal\" style=\"background-attachment: initial; background-clip: initial; background-color: white; background-image: initial; background-origin: initial; background-position: initial initial; background-repeat: initial initial; margin-bottom: 0.0001pt;\">Este es el segundo percance mortal en el Perif\u00e9rico, pues el fin de semana una trabajadora de una empresa muri\u00f3 atropellada en el kil\u00f3metro 7 de esa v\u00eda, en el sur de la ciudad. <\/div>\n<p><\/p>\n","protected":false},"excerpt":{"rendered":"<p>El Perif\u00e9rico cobr\u00f3 una vida m\u00e1s este mediod\u00eda al morir un automovilista cuando transitaba en el Poniente de esa v\u00eda. De acuerdo con los datos recabados, el guiador, de unos<\/p>\n","protected":false},"author":1,"featured_media":24224,"comment_status":"open","ping_status":"open","sticky":false,"template":"","format":"standard","meta":{"jetpack_post_was_ever_published":false,"_jetpack_newsletter_access":"","_jetpack_dont_email_post_to_subs":false,"_jetpack_newsletter_tier_id":0,"_jetpack_memberships_contains_paywalled_content":false,"_jetpack_memberships_contains_paid_content":false,"footnotes":"","jetpack_publicize_message":"","jetpack_publicize_feature_enabled":true,"jetpack_social_post_already_shared":false,"jetpack_social_options":{"image_generator_settings":{"template":"highway","default_image_id":0,"font":"","enabled":false},"version":2}},"categories":[60,44,3,1],"tags":[],"class_list":["post-7063","post","type-post","status-publish","format-standard","has-post-thumbnail","hentry","category-cafres","category-morgue","category-portada","category-sin-categoria"],"jetpack_publicize_connections":[],"jetpack_featured_media_url":"https:\/\/formalprision.com\/wp-content\/uploads\/2012\/04\/aaavacas.jpg","jetpack_sharing_enabled":true,"jetpack_shortlink":"https:\/\/wp.me\/p6id8p-1PV","_links":{"self":[{"href":"https:\/\/formalprision.com\/index.php?rest_route=\/wp\/v2\/posts\/7063","targetHints":{"allow":["GET"]}}],"collection":[{"href":"https:\/\/formalprision.com\/index.php?rest_route=\/wp\/v2\/posts"}],"about":[{"href":"https:\/\/formalprision.com\/index.php?rest_route=\/wp\/v2\/types\/post"}],"author":[{"embeddable":true,"href":"https:\/\/formalprision.com\/index.php?rest_route=\/wp\/v2\/users\/1"}],"replies":[{"embeddable":true,"href":"https:\/\/formalprision.com\/index.php?rest_route=%2Fwp%2Fv2%2Fcomments&post=7063"}],"version-history":[{"count":0,"href":"https:\/\/formalprision.com\/index.php?rest_route=\/wp\/v2\/posts\/7063\/revisions"}],"wp:featuredmedia":[{"embeddable":true,"href":"https:\/\/formalprision.com\/index.php?rest_route=\/wp\/v2\/media\/24224"}],"wp:attachment":[{"href":"https:\/\/formalprision.com\/index.php?rest_route=%2Fwp%2Fv2%2Fmedia&parent=7063"}],"wp:term":[{"taxonomy":"category","embeddable":true,"href":"https:\/\/formalprision.com\/index.php?rest_route=%2Fwp%2Fv2%2Fcategories&post=7063"},{"taxonomy":"post_tag","embeddable":true,"href":"https:\/\/formalprision.com\/index.php?rest_route=%2Fwp%2Fv2%2Ftags&post=7063"}],"curies":[{"name":"wp","href":"https:\/\/api.w.org\/{rel}","templated":true}]}}