{"id":7069,"date":"2012-04-14T22:16:00","date_gmt":"2012-04-14T22:16:00","guid":{"rendered":"http:\/\/formalprision.info\/2012\/04\/14\/choca-yate-de-empresario-meridano\/"},"modified":"2015-06-03T08:52:38","modified_gmt":"2015-06-03T08:52:38","slug":"choca-yate-de-empresario-meridano","status":"publish","type":"post","link":"https:\/\/formalprision.com\/?p=7069","title":{"rendered":"Choca yate de empresario meridano contra el muelle de Progreso"},"content":{"rendered":"<p><a href=\"http:\/\/photo.blogpressapp.com\/show_photo.php?p=12\/04\/14\/3240.jpg\"><img loading=\"lazy\" decoding=\"async\" border=\"0\" height=\"205\" src=\"http:\/\/photo.blogpressapp.com\/photos\/12\/04\/14\/s_3240.jpg\" style=\"margin: 5px;\" width=\"281\" \/><\/a><br \/>Un lujoso yate de 43 metros de eslora de nombre \u00abSplendor\u00bb, colision\u00f3 ayer por la tarde contra los arcos del muelle fiscal, seg\u00fan inform\u00f3 el Capit\u00e1n de Puerto de Yucalpet\u00e9n, capit\u00e1n de altura Lujis Roberto Villa Valenzuela.<br \/>El percance sucedi\u00f3 a las 18:45 horas de ayer viernes, cuando el yate sufri\u00f3 una falla en sus motores y sin gobierno se proyecto contra los arcos del muelle fiscal, a 1.5 kil\u00f3metros de la orilla de la playa.<br \/>Por el impacto, la embarcaci\u00f3n result\u00f3 con da\u00f1os en la proa, pero no se hundi\u00f3, sino que fue auxiliada para su traslado al puerto de abrigo de Yucalpet\u00e9n. La nave se encuentra en el astillero de la empresa PESCAMEX, del empresario Juan Zacar\u00edas Dib donde ser\u00e1 reparada. Los arcos no sufrieron da\u00f1os.<br \/>El capit\u00e1n Villa Valenzuela se\u00f1al\u00f3 en entrevista que la embarcaci\u00f3n es propiedad del empresario y constructor meridano Jos\u00e9 Luis Evia quien iba acompa\u00f1ado a bordo de otra persona.<br \/>El capit\u00e1n Villa indic\u00f3 que la colisi\u00f3n fue detectada por el personal del Centro de Control y Tr\u00e1fico Mar\u00edtimo (CCTM) que se encuentra en la terminal intermedia<br \/>-Aparentemente fall\u00f3 la m\u00e1quina y se proyectaron contra los arcos del viaducto- se\u00f1al\u00f3 el funcionario.<br \/>Agreg\u00f3 que el lunes, el propietario de la nave y su patr\u00f3n deber\u00e1n entregar su \u00abacta protesta\u00bb en la capitan\u00eda de Yucalpet\u00e9n para esclarecer lo sucedido. ( Con informaci\u00f3n de Progresohoy.com)<\/p>\n","protected":false},"excerpt":{"rendered":"<p>Un lujoso yate de 43 metros de eslora de nombre \u00abSplendor\u00bb, colision\u00f3 ayer por la tarde contra los arcos del muelle fiscal, seg\u00fan inform\u00f3 el Capit\u00e1n de Puerto de Yucalpet\u00e9n,<\/p>\n","protected":false},"author":1,"featured_media":24237,"comment_status":"open","ping_status":"open","sticky":false,"template":"","format":"standard","meta":{"jetpack_post_was_ever_published":false,"_jetpack_newsletter_access":"","_jetpack_dont_email_post_to_subs":false,"_jetpack_newsletter_tier_id":0,"_jetpack_memberships_contains_paywalled_content":false,"_jetpack_memberships_contains_paid_content":false,"footnotes":"","jetpack_publicize_message":"","jetpack_publicize_feature_enabled":true,"jetpack_social_post_already_shared":false,"jetpack_social_options":{"image_generator_settings":{"template":"highway","default_image_id":0,"font":"","enabled":false},"version":2}},"categories":[3,1,49],"tags":[],"class_list":["post-7069","post","type-post","status-publish","format-standard","has-post-thumbnail","hentry","category-portada","category-sin-categoria","category-tocho-morocho"],"jetpack_publicize_connections":[],"jetpack_featured_media_url":"https:\/\/formalprision.com\/wp-content\/uploads\/2012\/04\/s_3240.jpg","jetpack_sharing_enabled":true,"jetpack_shortlink":"https:\/\/wp.me\/p6id8p-1Q1","_links":{"self":[{"href":"https:\/\/formalprision.com\/index.php?rest_route=\/wp\/v2\/posts\/7069","targetHints":{"allow":["GET"]}}],"collection":[{"href":"https:\/\/formalprision.com\/index.php?rest_route=\/wp\/v2\/posts"}],"about":[{"href":"https:\/\/formalprision.com\/index.php?rest_route=\/wp\/v2\/types\/post"}],"author":[{"embeddable":true,"href":"https:\/\/formalprision.com\/index.php?rest_route=\/wp\/v2\/users\/1"}],"replies":[{"embeddable":true,"href":"https:\/\/formalprision.com\/index.php?rest_route=%2Fwp%2Fv2%2Fcomments&post=7069"}],"version-history":[{"count":0,"href":"https:\/\/formalprision.com\/index.php?rest_route=\/wp\/v2\/posts\/7069\/revisions"}],"wp:featuredmedia":[{"embeddable":true,"href":"https:\/\/formalprision.com\/index.php?rest_route=\/wp\/v2\/media\/24237"}],"wp:attachment":[{"href":"https:\/\/formalprision.com\/index.php?rest_route=%2Fwp%2Fv2%2Fmedia&parent=7069"}],"wp:term":[{"taxonomy":"category","embeddable":true,"href":"https:\/\/formalprision.com\/index.php?rest_route=%2Fwp%2Fv2%2Fcategories&post=7069"},{"taxonomy":"post_tag","embeddable":true,"href":"https:\/\/formalprision.com\/index.php?rest_route=%2Fwp%2Fv2%2Ftags&post=7069"}],"curies":[{"name":"wp","href":"https:\/\/api.w.org\/{rel}","templated":true}]}}