{"id":7070,"date":"2012-04-14T15:37:00","date_gmt":"2012-04-14T15:37:00","guid":{"rendered":"http:\/\/formalprision.info\/2012\/04\/14\/integraran-base-de-datos-de-personas\/"},"modified":"2015-06-03T08:52:39","modified_gmt":"2015-06-03T08:52:39","slug":"integraran-base-de-datos-de-personas","status":"publish","type":"post","link":"https:\/\/formalprision.com\/?p=7070","title":{"rendered":"Integrar\u00e1n base de datos de personas desaparecidas en el sureste del pa\u00eds"},"content":{"rendered":"<p><\/p>\n<div class=\"MsoNormal\"><\/div>\n<div class=\"separator\" style=\"clear: both; text-align: center;\"><a href=\"http:\/\/4.bp.blogspot.com\/-ZPS3mX5UWjw\/T4mZmZLkTDI\/AAAAAAAAGic\/X6zj0Dk0uZc\/s1600\/aaaheitor.JPG\" imageanchor=\"1\" style=\"margin-left: 1em; margin-right: 1em;\"><img loading=\"lazy\" decoding=\"async\" border=\"0\" height=\"217\" src=\"http:\/\/formalprision.com\/wp-content\/uploads\/2012\/04\/aaaheitor.jpg\" width=\"320\" \/><\/a><\/div>\n<div class=\"ecxmsonormal\" style=\"background: white; line-height: 150%; text-align: justify;\">Ayer, en Villahermosa, Tabasco, <\/div>\n<div class=\"ecxmsonormal\" style=\"background: white; line-height: 150%; text-align: justify;\">se llev\u00f3 a cabo la Reuni\u00f3n Regional de la Conferencia de Procuraci\u00f3n de Justicia de la Zona Sureste, en la que se trataron asuntos de importancia para la zona, como el combate a la trata de personas y la integraci\u00f3n de una base de datos de personas no localizadas.<\/div>\n<div class=\"ecxmsonormal\" style=\"background: white; line-height: 150%; text-align: justify;\">Adem\u00e1s de Yucat\u00e1n, participaron los titulares de las Procuradur\u00edas de los Estados de Campeche, Quintana Roo, Chiapas, Veracruz, Tabasco, Oaxaca y Guerrero, as\u00ed como funcionarios de la Procuradur\u00eda General de la Rep\u00fablica.<\/div>\n<div class=\"ecxmsonormal\" style=\"background: white; line-height: 150%; text-align: justify;\">En el evento se cont\u00f3 con la participaci\u00f3n del Fiscal General del Estado, H\u00e9ctor Cabrera Rivero, se abordaron diversos temas de inter\u00e9s relacionados con asuntos de seguridad y de procuraci\u00f3n de justicia, entre los que destacan la trata de personas, el combate al narcomenudeo, el proceso electoral del 2012, la integraci\u00f3n de una base de datos para personas no localizadas, la capacitaci\u00f3n de personal, entre otros.<\/div>\n<div class=\"ecxmsonormal\" style=\"background: white; text-align: justify;\">&nbsp;Aunque en Yucat\u00e1n la trata de Personas es un problema con baja incidencia, el Fiscal General del Estado destac\u00f3 que durante la reuni\u00f3n se resalt\u00f3 el trabajo en conjunto con la Fiscal\u00eda Especializada para los Delitos de Violencia contra las Mujeres y Trata de Personas (FEVIMTRA), a fin de determinar enlaces operativos para el an\u00e1lisis de informaci\u00f3n que permitan prevenir y erradicar estos il\u00edcitos.<\/div>\n<div class=\"ecxmsonormal\" style=\"background: white; text-align: justify;\">Asimismo, se abord\u00f3 el tema sobre el Centro de Operaciones Estrat\u00e9gicas para el combate al Narcomenudeo, en donde Yucat\u00e1n es un ejemplo claro en esta materia, ya que es una de las pocas entidades que cuentan con una agencia especializada para la atenci\u00f3n de este tipo de delitos en el \u00e1mbito del fuero com\u00fan y que desde su creaci\u00f3n cuenta con m\u00e1s de 600 procesos y cerca de 100 sentencias.<\/div>\n<div class=\"ecxmsonormal\" style=\"background-attachment: initial; background-clip: initial; background-color: white; background-image: initial; background-origin: initial; background-position: initial initial; background-repeat: initial initial; text-align: justify;\">Otro tema importante fueron los acuerdos de colaboraci\u00f3n para la integraci\u00f3n de una base de datos de personas no localizadas, que permita el intercambio de informaci\u00f3n entre los distintos estados para coadyuvar en la tarea de localizaci\u00f3n de personas desaparecidas. Al igual que la consolidaci\u00f3n de la base nacional de huella bal\u00edstica, para identificar casquillos y proyectiles de las armas de fuego que se utilizan en los delitos y as\u00ed tener un intercambio de estos datos a nivel nacional.<\/div>\n<div class=\"ecxmsonormal\" style=\"background: white; text-align: justify;\">Cabrera Rivero se\u00f1al\u00f3 que el tema de la capacitaci\u00f3n no se dej\u00f3 atr\u00e1s durante la reuni\u00f3n, efectuada en un conocido hotel de la ciudad de Villahermosa, ya que se acord\u00f3 conseguir mayores recursos para la capacitaci\u00f3n en Materia de Justicia Adversarial, a trav\u00e9s de la organizaci\u00f3n CWAG (Conferencia de Procuradores del Oeste de los Estados Unidos), en el que Yucat\u00e1n ha sido beneficiado en a\u00f1os anteriores con instrucci\u00f3n relativa al Nuevo Sistema de Justicia.<\/div>\n<div class=\"ecxmsonormal\" style=\"background: white; text-align: justify;\">Cabe destacar que con motivo de las pr\u00f3ximas elecciones en el pa\u00eds, se establecieron acuerdos de colaboraci\u00f3n entre las distintas Procuradur\u00edas y la FEPADE para garantizar que los comicios transcurran de manera legal, poniendo mayor atenci\u00f3n en aquellos estados en donde se realizar\u00e1n elecciones estatales y federales, como es el caso de Yucat\u00e1n.<\/div>\n<div class=\"ecxmsonormal\" style=\"background: white; text-align: justify;\">Con su participaci\u00f3n, el Fiscal H\u00e9ctor Cabrera Rivero, demostr\u00f3 su compromiso con el Estado de Yucat\u00e1n, que como en cada participaci\u00f3n resulta ejemplo a nivel nacional por los altos \u00edndices de seguridad que se mantienen en la entidad, gracias a la colaboraci\u00f3n de la ciudadan\u00eda y las autoridades. (Comunicado de Prensa)<\/div>\n<div class=\"MsoNormal\"><\/div>\n","protected":false},"excerpt":{"rendered":"<p>Ayer, en Villahermosa, Tabasco, se llev\u00f3 a cabo la Reuni\u00f3n Regional de la Conferencia de Procuraci\u00f3n de Justicia de la Zona Sureste, en la que se trataron asuntos de importancia<\/p>\n","protected":false},"author":1,"featured_media":24238,"comment_status":"open","ping_status":"open","sticky":false,"template":"","format":"standard","meta":{"jetpack_post_was_ever_published":false,"_jetpack_newsletter_access":"","_jetpack_dont_email_post_to_subs":false,"_jetpack_newsletter_tier_id":0,"_jetpack_memberships_contains_paywalled_content":false,"_jetpack_memberships_contains_paid_content":false,"footnotes":"","jetpack_publicize_message":"","jetpack_publicize_feature_enabled":true,"jetpack_social_post_already_shared":false,"jetpack_social_options":{"image_generator_settings":{"template":"highway","default_image_id":0,"font":"","enabled":false},"version":2}},"categories":[3,1,49],"tags":[],"class_list":["post-7070","post","type-post","status-publish","format-standard","has-post-thumbnail","hentry","category-portada","category-sin-categoria","category-tocho-morocho"],"jetpack_publicize_connections":[],"jetpack_featured_media_url":"https:\/\/formalprision.com\/wp-content\/uploads\/2012\/04\/aaaheitor.jpg","jetpack_sharing_enabled":true,"jetpack_shortlink":"https:\/\/wp.me\/p6id8p-1Q2","_links":{"self":[{"href":"https:\/\/formalprision.com\/index.php?rest_route=\/wp\/v2\/posts\/7070","targetHints":{"allow":["GET"]}}],"collection":[{"href":"https:\/\/formalprision.com\/index.php?rest_route=\/wp\/v2\/posts"}],"about":[{"href":"https:\/\/formalprision.com\/index.php?rest_route=\/wp\/v2\/types\/post"}],"author":[{"embeddable":true,"href":"https:\/\/formalprision.com\/index.php?rest_route=\/wp\/v2\/users\/1"}],"replies":[{"embeddable":true,"href":"https:\/\/formalprision.com\/index.php?rest_route=%2Fwp%2Fv2%2Fcomments&post=7070"}],"version-history":[{"count":0,"href":"https:\/\/formalprision.com\/index.php?rest_route=\/wp\/v2\/posts\/7070\/revisions"}],"wp:featuredmedia":[{"embeddable":true,"href":"https:\/\/formalprision.com\/index.php?rest_route=\/wp\/v2\/media\/24238"}],"wp:attachment":[{"href":"https:\/\/formalprision.com\/index.php?rest_route=%2Fwp%2Fv2%2Fmedia&parent=7070"}],"wp:term":[{"taxonomy":"category","embeddable":true,"href":"https:\/\/formalprision.com\/index.php?rest_route=%2Fwp%2Fv2%2Fcategories&post=7070"},{"taxonomy":"post_tag","embeddable":true,"href":"https:\/\/formalprision.com\/index.php?rest_route=%2Fwp%2Fv2%2Ftags&post=7070"}],"curies":[{"name":"wp","href":"https:\/\/api.w.org\/{rel}","templated":true}]}}