{"id":7083,"date":"2012-04-05T19:00:00","date_gmt":"2012-04-05T19:00:00","guid":{"rendered":"http:\/\/formalprision.info\/2012\/04\/05\/boxeador-agrede-su-mujer-pero-ella\/"},"modified":"2015-06-03T08:52:41","modified_gmt":"2015-06-03T08:52:41","slug":"boxeador-agrede-su-mujer-pero-ella","status":"publish","type":"post","link":"https:\/\/formalprision.com\/?p=7083","title":{"rendered":"Boxeador agrede a su mujer. pero ella misma retira los cargos"},"content":{"rendered":"<p><\/p>\n<div class=\"separator\" style=\"clear: both; text-align: center;\"><a href=\"http:\/\/4.bp.blogspot.com\/-8JHHJU-RAY4\/T30DjCQOfRI\/AAAAAAAAGgk\/r_d3L7LtjuE\/s1600\/aaaboxeador.JPG\" imageanchor=\"1\" style=\"margin-left: 1em; margin-right: 1em;\"><img loading=\"lazy\" decoding=\"async\" border=\"0\" height=\"240\" src=\"http:\/\/formalprision.com\/wp-content\/uploads\/2012\/04\/aaaboxeador.jpg\" width=\"320\" \/><\/a><\/div>\n<div class=\"MsoNormal\" style=\"background-attachment: initial; background-clip: initial; background-color: white; background-image: initial; background-origin: initial; margin-bottom: 0.0001pt;\">El boxeador profesional yucateco Jos\u00e9 P\u00e9rez Ferrera (a) Fresa\u201d fue detenido acusado de agredir a su esposa.<\/div>\n<div class=\"MsoNormal\" style=\"background-attachment: initial; background-clip: initial; background-color: white; background-image: initial; background-origin: initial; margin-bottom: 0.0001pt;\">Sin embargo, la suerte estuvo del lado del deportista, ya que hoy mismo su esposa le otorg\u00f3 el perd\u00f3n legal, con lo que los cargos en su contra quedaron cancelados.<\/div>\n<div class=\"MsoNormal\" style=\"background-attachment: initial; background-clip: initial; background-color: white; background-image: initial; background-origin: initial; margin-bottom: 0.0001pt;\">Ileana Patricia Ceballos Peniche, esposa del peleador peso s\u00faper ligero, se present\u00f3 al Juzgado Sexto Penal y le concedi\u00f3 el perd\u00f3n a su pareja, quien se encontraba libre bajo fianza por este caso,<\/div>\n<div class=\"MsoNormal\" style=\"background-attachment: initial; background-clip: initial; background-color: white; background-image: initial; background-origin: initial; margin-bottom: 0.0001pt;\">El boxeador fue&nbsp;&nbsp;acusado de los delitos de lesiones&nbsp;&nbsp;y violencia familiar.&nbsp;&nbsp;El fue detenido a principios de esta semana&nbsp;&nbsp;en cumplimiento de una orden de aprehensi\u00f3n por esta agresi\u00f3n.<\/div>\n<div class=\"MsoNormal\" style=\"background-attachment: initial; background-clip: initial; background-color: white; background-image: initial; background-origin: initial; margin-bottom: 0.0001pt;\">Su esposa lo denunci\u00f3 porque el 28 de agosto del 2011, tuvieron una reuni\u00f3n en su casa del fraccionamiento La Florida y al t\u00e9rmino se origin\u00f3 una discusi\u00f3n.<\/div>\n<div class=\"MsoNormal\" style=\"background-attachment: initial; background-clip: initial; background-color: white; background-image: initial; background-origin: initial; margin-bottom: 0.0001pt;\">Como ella le dijo que se ir\u00eda del hogar, el deportista le arroj\u00f3 su celular y luego le dio un par de izquierdazos y un derechazo, adem\u00e1s de un gancho al h\u00edgado.<\/div>\n<div class=\"MsoNormal\" style=\"background-attachment: initial; background-clip: initial; background-color: white; background-image: initial; background-origin: initial; margin-bottom: 0.0001pt;\">Una vez que su esposo la dej\u00f3 de golpear, la mujer se fue de la casa y acudi\u00f3 luego a denunciar os hechos.<\/div>\n<div class=\"MsoNormal\" style=\"background-attachment: initial; background-clip: initial; background-color: white; background-image: initial; background-origin: initial; margin-bottom: 0.0001pt;\">Esta ma\u00f1ana, ambos acudieron al Juzgado y ella decidi\u00f3 firmar para retirar los cargos, toda vez que ua llegaron a un arreglo.<\/div>\n<div class=\"MsoNormal\" style=\"background-attachment: initial; background-clip: initial; background-color: white; background-image: initial; background-origin: initial; margin-bottom: 0.0001pt;\">Ambos est\u00e1n separados temporalmente.<\/div>\n<div class=\"MsoNormal\" style=\"background-attachment: initial; background-clip: initial; background-color: white; background-image: initial; background-origin: initial; margin-bottom: 0.0001pt;\">El boxeador se encuentra en activo, aunque no ha logrado obtener campeonato alguno. Su \u00faltima pelea en el ring la sostuvo en enero pasado, en Valladolid, donde sali\u00f3 con la derrota a cuestas.<\/div>\n<p><br class=\"Apple-interchange-newline\" \/><\/p>\n","protected":false},"excerpt":{"rendered":"<p>El boxeador profesional yucateco Jos\u00e9 P\u00e9rez Ferrera (a) Fresa\u201d fue detenido acusado de agredir a su esposa. Sin embargo, la suerte estuvo del lado del deportista, ya que hoy mismo<\/p>\n","protected":false},"author":1,"featured_media":24264,"comment_status":"open","ping_status":"open","sticky":false,"template":"","format":"standard","meta":{"jetpack_post_was_ever_published":false,"_jetpack_newsletter_access":"","_jetpack_dont_email_post_to_subs":false,"_jetpack_newsletter_tier_id":0,"_jetpack_memberships_contains_paywalled_content":false,"_jetpack_memberships_contains_paid_content":false,"footnotes":"","jetpack_publicize_message":"","jetpack_publicize_feature_enabled":true,"jetpack_social_post_already_shared":false,"jetpack_social_options":{"image_generator_settings":{"template":"highway","default_image_id":0,"font":"","enabled":false},"version":2}},"categories":[50,3,1,53],"tags":[],"class_list":["post-7083","post","type-post","status-publish","format-standard","has-post-thumbnail","hentry","category-machines","category-portada","category-sin-categoria","category-yo-no-fui"],"jetpack_publicize_connections":[],"jetpack_featured_media_url":"https:\/\/formalprision.com\/wp-content\/uploads\/2012\/04\/aaaboxeador.jpg","jetpack_sharing_enabled":true,"jetpack_shortlink":"https:\/\/wp.me\/p6id8p-1Qf","_links":{"self":[{"href":"https:\/\/formalprision.com\/index.php?rest_route=\/wp\/v2\/posts\/7083","targetHints":{"allow":["GET"]}}],"collection":[{"href":"https:\/\/formalprision.com\/index.php?rest_route=\/wp\/v2\/posts"}],"about":[{"href":"https:\/\/formalprision.com\/index.php?rest_route=\/wp\/v2\/types\/post"}],"author":[{"embeddable":true,"href":"https:\/\/formalprision.com\/index.php?rest_route=\/wp\/v2\/users\/1"}],"replies":[{"embeddable":true,"href":"https:\/\/formalprision.com\/index.php?rest_route=%2Fwp%2Fv2%2Fcomments&post=7083"}],"version-history":[{"count":0,"href":"https:\/\/formalprision.com\/index.php?rest_route=\/wp\/v2\/posts\/7083\/revisions"}],"wp:featuredmedia":[{"embeddable":true,"href":"https:\/\/formalprision.com\/index.php?rest_route=\/wp\/v2\/media\/24264"}],"wp:attachment":[{"href":"https:\/\/formalprision.com\/index.php?rest_route=%2Fwp%2Fv2%2Fmedia&parent=7083"}],"wp:term":[{"taxonomy":"category","embeddable":true,"href":"https:\/\/formalprision.com\/index.php?rest_route=%2Fwp%2Fv2%2Fcategories&post=7083"},{"taxonomy":"post_tag","embeddable":true,"href":"https:\/\/formalprision.com\/index.php?rest_route=%2Fwp%2Fv2%2Ftags&post=7083"}],"curies":[{"name":"wp","href":"https:\/\/api.w.org\/{rel}","templated":true}]}}