{"id":7085,"date":"2012-04-05T03:33:00","date_gmt":"2012-04-05T03:33:00","guid":{"rendered":"http:\/\/formalprision.info\/2012\/04\/05\/roban-en-oficinas-de-gobierno-se-llevan\/"},"modified":"2015-06-03T08:52:41","modified_gmt":"2015-06-03T08:52:41","slug":"roban-en-oficinas-de-gobierno-se-llevan","status":"publish","type":"post","link":"https:\/\/formalprision.com\/?p=7085","title":{"rendered":"Roban en oficinas de gobierno; se llevan hasta las guayaberas del jefe"},"content":{"rendered":"<p><\/p>\n<div class=\"MsoNormal\" style=\"background-attachment: initial; background-clip: initial; background-color: white; background-image: initial; background-origin: initial; background-position: initial initial; background-repeat: initial initial; margin-bottom: 0.0001pt;\">Tres sujetos fueron detenidos por robar en las oficinas de Secretar\u00eda de Protocolo, Log\u00edstica y Relaciones P\u00fablicas del gobierno estatal.<\/div>\n<div class=\"separator\" style=\"clear: both; text-align: center;\"><a href=\"http:\/\/2.bp.blogspot.com\/-mNJ9qCVcyis\/T30SMPE1S6I\/AAAAAAAAGgs\/iW5STGO4WEg\/s1600\/aaasecretaria+de+protoc.JPG\" imageanchor=\"1\" style=\"margin-left: 1em; margin-right: 1em;\"><img loading=\"lazy\" decoding=\"async\" border=\"0\" height=\"240\" src=\"http:\/\/formalprision.com\/wp-content\/uploads\/2012\/04\/aaasecretaria-de-protoc.jpg\" width=\"320\" \/><\/a><\/div>\n<div class=\"MsoNormal\" style=\"background-attachment: initial; background-clip: initial; background-color: white; background-image: initial; background-origin: initial; background-position: initial initial; background-repeat: initial initial; margin-bottom: 0.0001pt;\">Los delincuentes &nbsp;se apoderaron &nbsp;de equipo de c\u00f3mputo y&nbsp;hasta de las guayaberas de los funcionarios de esa dependencia.<\/div>\n<div class=\"MsoNormal\" style=\"background-attachment: initial; background-clip: initial; background-color: white; background-image: initial; background-origin: initial; background-position: initial initial; background-repeat: initial initial; margin-bottom: 0.0001pt;\">Este d\u00eda, los detenidos rindieron su declaraci\u00f3n preparatoria ante el Juzgado Sexto Penal, donde dos de los acusados negaron los hechos y el tercero aleg\u00f3 que entr\u00f3 al lugar porque crey\u00f3 que era su casa.<\/div>\n<div class=\"MsoNormal\" style=\"background-attachment: initial; background-clip: initial; background-color: white; background-image: initial; background-origin: initial; background-position: initial initial; background-repeat: initial initial; margin-bottom: 0.0001pt;\">Los detenidos son Carlos Gonz\u00e1lez Kuk (a) \u201cDiablo\u201d Jes\u00fas Alberto Tec Dzul (a) \u201cChucho\u201d y Luis Fernando Xequ\u00e9 Mex<\/div>\n<div class=\"MsoNormal\" style=\"background-attachment: initial; background-clip: initial; background-color: white; background-image: initial; background-origin: initial; background-position: initial initial; background-repeat: initial initial; margin-bottom: 0.0001pt;\">La denuncia fue interpuesta por Miguel Angel Maga\u00f1a Rivero, quien actualmente es el encargado del despacho de esa Secretar\u00eda.<\/div>\n<div class=\"MsoNormal\" style=\"background-attachment: initial; background-clip: initial; background-color: white; background-image: initial; background-origin: initial; background-position: initial initial; background-repeat: initial initial; margin-bottom: 0.0001pt;\">Se les detuvo luego de robar una computadora de escritorio, una laptop, ternos y varias &nbsp;guayaberas que hab\u00eda en el lugar.<\/div>\n<div class=\"MsoNormal\" style=\"background-attachment: initial; background-clip: initial; background-color: white; background-image: initial; background-origin: initial; background-position: initial initial; background-repeat: initial initial; margin-bottom: 0.0001pt;\">El robo ocurri\u00f3 en las oficinas de la calle 64 entre 55 y 57, del centro.<\/div>\n<div class=\"MsoNormal\" style=\"background-attachment: initial; background-clip: initial; background-color: white; background-image: initial; background-origin: initial; background-position: initial initial; background-repeat: initial initial; margin-bottom: 0.0001pt;\">Al rendir su declaraci\u00f3n, el \u201cDiablo\u201d dijo que los otros detenidos no participaron en el hurto y que \u00e9l lo hizo porque estaba ebrio y no sab\u00eda lo que hac\u00eda.<\/div>\n<div class=\"MsoNormal\" style=\"background-attachment: initial; background-clip: initial; background-color: white; background-image: initial; background-origin: initial; background-position: initial initial; background-repeat: initial initial; margin-bottom: 0.0001pt;\">Se\u00f1al\u00f3 que acudi\u00f3 al bar \u201cFlamboyanes\u201d y al salir se dirigi\u00f3 a su casa, pero se detuvo a realizar una necesidad fisiol\u00f3gica y <\/div>\n<div class=\"MsoNormal\" style=\"background-attachment: initial; background-clip: initial; background-color: white; background-image: initial; background-origin: initial; background-position: initial initial; background-repeat: initial initial; margin-bottom: 0.0001pt;\">Como estaba muy ebrio se introdujo, seg\u00fan \u00e9l, pensando que era su casa.<\/div>\n<div class=\"MsoNormal\" style=\"background-attachment: initial; background-clip: initial; background-color: white; background-image: initial; background-origin: initial; background-position: initial initial; background-repeat: initial initial; margin-bottom: 0.0001pt;\">Se\u00f1al\u00f3 que tom\u00f3 algunas cosas. Como su camisa estaba sucia, decidi\u00f3 cambiarse y se apoder\u00f3 de una guayabera y se la puso, pero al salir fue visto por los polic\u00edas, quienes&nbsp; lo detuvieron.<\/div>\n","protected":false},"excerpt":{"rendered":"<p>Tres sujetos fueron detenidos por robar en las oficinas de Secretar\u00eda de Protocolo, Log\u00edstica y Relaciones P\u00fablicas del gobierno estatal. Los delincuentes &nbsp;se apoderaron &nbsp;de equipo de c\u00f3mputo y&nbsp;hasta de<\/p>\n","protected":false},"author":1,"featured_media":24268,"comment_status":"open","ping_status":"open","sticky":false,"template":"","format":"standard","meta":{"jetpack_post_was_ever_published":false,"_jetpack_newsletter_access":"","_jetpack_dont_email_post_to_subs":false,"_jetpack_newsletter_tier_id":0,"_jetpack_memberships_contains_paywalled_content":false,"_jetpack_memberships_contains_paid_content":false,"footnotes":"","jetpack_publicize_message":"","jetpack_publicize_feature_enabled":true,"jetpack_social_post_already_shared":false,"jetpack_social_options":{"image_generator_settings":{"template":"highway","default_image_id":0,"font":"","enabled":false},"version":2}},"categories":[45,3,1],"tags":[],"class_list":["post-7085","post","type-post","status-publish","format-standard","has-post-thumbnail","hentry","category-delincuentes-vip","category-portada","category-sin-categoria"],"jetpack_publicize_connections":[],"jetpack_featured_media_url":"https:\/\/formalprision.com\/wp-content\/uploads\/2012\/04\/aaasecretaria-de-protoc.jpg","jetpack_sharing_enabled":true,"jetpack_shortlink":"https:\/\/wp.me\/p6id8p-1Qh","_links":{"self":[{"href":"https:\/\/formalprision.com\/index.php?rest_route=\/wp\/v2\/posts\/7085","targetHints":{"allow":["GET"]}}],"collection":[{"href":"https:\/\/formalprision.com\/index.php?rest_route=\/wp\/v2\/posts"}],"about":[{"href":"https:\/\/formalprision.com\/index.php?rest_route=\/wp\/v2\/types\/post"}],"author":[{"embeddable":true,"href":"https:\/\/formalprision.com\/index.php?rest_route=\/wp\/v2\/users\/1"}],"replies":[{"embeddable":true,"href":"https:\/\/formalprision.com\/index.php?rest_route=%2Fwp%2Fv2%2Fcomments&post=7085"}],"version-history":[{"count":0,"href":"https:\/\/formalprision.com\/index.php?rest_route=\/wp\/v2\/posts\/7085\/revisions"}],"wp:featuredmedia":[{"embeddable":true,"href":"https:\/\/formalprision.com\/index.php?rest_route=\/wp\/v2\/media\/24268"}],"wp:attachment":[{"href":"https:\/\/formalprision.com\/index.php?rest_route=%2Fwp%2Fv2%2Fmedia&parent=7085"}],"wp:term":[{"taxonomy":"category","embeddable":true,"href":"https:\/\/formalprision.com\/index.php?rest_route=%2Fwp%2Fv2%2Fcategories&post=7085"},{"taxonomy":"post_tag","embeddable":true,"href":"https:\/\/formalprision.com\/index.php?rest_route=%2Fwp%2Fv2%2Ftags&post=7085"}],"curies":[{"name":"wp","href":"https:\/\/api.w.org\/{rel}","templated":true}]}}