{"id":70852,"date":"2019-02-23T11:53:35","date_gmt":"2019-02-23T16:53:35","guid":{"rendered":"http:\/\/formalprision.com\/?p=70852"},"modified":"2019-02-24T01:55:11","modified_gmt":"2019-02-24T06:55:11","slug":"mininarco-solo-va-de-pasadia-al-penal","status":"publish","type":"post","link":"https:\/\/formalprision.com\/?p=70852","title":{"rendered":"Mininarco solo va de \u00abpasad\u00eda\u00bb al penal"},"content":{"rendered":"<p>Manuel Alejandro Uh Negrete, conocido  mininarco de Cacalch\u00e9n, fue detenido en posesi\u00f3n de mariguana y \u201ccrack\u201d.<\/p>\n<p>Hoy mismo, fue presentado ante el juez de control Luis Edwin Mugarte Guerrero, quien no lo dej\u00f3 preso, sino que le impuso las medidas cautelares de firmar, no salir del Estado, depositar 3 mil pesos, y someterse a vigilancia.<\/p>\n<p>A Manuel Alejandro se le imputa el delito contra la salud en su modalidad de narcomenudeo, en su variante de posesi\u00f3n de los narc\u00f3ticos denominados mariguana y coca\u00edna en su presentaci\u00f3n de \u201ccrack\u201d.<\/p>\n<p>Los hechos ocurrieron el pasado 19 de febrero cuando elementos de la Secretar\u00eda de Seguridad P\u00fablica acudieron a la calle 11 entre 12 y 14 de la colonia San Isidro, de Cacalch\u00e9n, a fin de verificar una denuncia an\u00f3nima donde se reportaba la venta de droga en ese lugar. <\/p>\n<p>Vieron a Uh Negrete, quien coincid\u00eda en caracter\u00edsticas f\u00edsicas y de vestimenta reportadas en la denuncia, percat\u00e1ndose que intent\u00f3 entregar a otro sujeto unas bolsitas que conten\u00edan hierba seca que sac\u00f3 de una mochila.<\/p>\n<p>El comprador se dio a la fuga corriendo, por lo que procedieron a detener al ahora imputado, quien los insult\u00f3 y trat\u00f3 de agredir.<\/p>\n<p>El mininarco llevaba alrededor de 225 gramos de la hierba y unos gramos de \u201ccrack\u201d.<\/p>\n","protected":false},"excerpt":{"rendered":"<p>Manuel Alejandro Uh Negrete, conocido mininarco de Cacalch\u00e9n, fue detenido en posesi\u00f3n de mariguana y \u201ccrack\u201d. Hoy mismo, fue presentado ante el juez de control Luis Edwin Mugarte Guerrero, quien<\/p>\n","protected":false},"author":1,"featured_media":70853,"comment_status":"open","ping_status":"open","sticky":false,"template":"","format":"standard","meta":{"jetpack_post_was_ever_published":false,"_jetpack_newsletter_access":"","_jetpack_dont_email_post_to_subs":false,"_jetpack_newsletter_tier_id":0,"_jetpack_memberships_contains_paywalled_content":false,"_jetpack_memberships_contains_paid_content":false,"footnotes":"","jetpack_publicize_message":"","jetpack_publicize_feature_enabled":true,"jetpack_social_post_already_shared":true,"jetpack_social_options":{"image_generator_settings":{"template":"highway","default_image_id":0,"font":"","enabled":false},"version":2}},"categories":[47,54],"tags":[],"class_list":["post-70852","post","type-post","status-publish","format-standard","has-post-thumbnail","hentry","category-narcos","category-yucatan"],"jetpack_publicize_connections":[],"jetpack_featured_media_url":"https:\/\/formalprision.com\/wp-content\/uploads\/2019\/02\/IMG_3148.jpg","jetpack_sharing_enabled":true,"jetpack_shortlink":"https:\/\/wp.me\/p6id8p-iqM","_links":{"self":[{"href":"https:\/\/formalprision.com\/index.php?rest_route=\/wp\/v2\/posts\/70852","targetHints":{"allow":["GET"]}}],"collection":[{"href":"https:\/\/formalprision.com\/index.php?rest_route=\/wp\/v2\/posts"}],"about":[{"href":"https:\/\/formalprision.com\/index.php?rest_route=\/wp\/v2\/types\/post"}],"author":[{"embeddable":true,"href":"https:\/\/formalprision.com\/index.php?rest_route=\/wp\/v2\/users\/1"}],"replies":[{"embeddable":true,"href":"https:\/\/formalprision.com\/index.php?rest_route=%2Fwp%2Fv2%2Fcomments&post=70852"}],"version-history":[{"count":0,"href":"https:\/\/formalprision.com\/index.php?rest_route=\/wp\/v2\/posts\/70852\/revisions"}],"wp:featuredmedia":[{"embeddable":true,"href":"https:\/\/formalprision.com\/index.php?rest_route=\/wp\/v2\/media\/70853"}],"wp:attachment":[{"href":"https:\/\/formalprision.com\/index.php?rest_route=%2Fwp%2Fv2%2Fmedia&parent=70852"}],"wp:term":[{"taxonomy":"category","embeddable":true,"href":"https:\/\/formalprision.com\/index.php?rest_route=%2Fwp%2Fv2%2Fcategories&post=70852"},{"taxonomy":"post_tag","embeddable":true,"href":"https:\/\/formalprision.com\/index.php?rest_route=%2Fwp%2Fv2%2Ftags&post=70852"}],"curies":[{"name":"wp","href":"https:\/\/api.w.org\/{rel}","templated":true}]}}