{"id":70880,"date":"2019-02-24T09:51:05","date_gmt":"2019-02-24T14:51:05","guid":{"rendered":"http:\/\/formalprision.com\/?p=70880"},"modified":"2019-02-24T09:51:05","modified_gmt":"2019-02-24T14:51:05","slug":"empresas-representan-a-yucatan-en-expo-cafe-y-gourmet","status":"publish","type":"post","link":"https:\/\/formalprision.com\/?p=70880","title":{"rendered":"Empresas representan a Yucat\u00e1n en Expo Caf\u00e9 y Gourmet"},"content":{"rendered":"<p>M\u00e9rida, Yucat\u00e1n, 23 de febrero de 2019.- Un total de ocho firmas locales representan a Yucat\u00e1n en la novena edici\u00f3n de la Expo Caf\u00e9 y Gourmet en la ciudad de Guadalajara, Jalisco, encuentro considerado como el m\u00e1s importante de su nicho para la regi\u00f3n occidente.<\/p>\n<p>Con el apoyo del Gobierno del Estado, a trav\u00e9s de la Secretar\u00eda de Fomento Econ\u00f3mico y Trabajo (Sefoet), las empresas tienen la oportunidad de encontrar nuevos contactos, distribuidores y clientes potenciales, los que al derivar en una relaci\u00f3n comercial permiten un crecimiento tanto del negocio como de la econom\u00eda del territorio.<\/p>\n<p>E+ki\u2019, 100% Henequ\u00e9n, iik Habanero, Ki\u2019kil\u2019je\u2019, Kishur, Muuk\u2019 Kaab, Sor\u00e9gano y Villa Vainilla, forman parte de los m\u00e1s de 200 expositores que desde ayer y hasta el d\u00eda de ma\u00f1ana recibir\u00e1n a miles de personas, entre consumidoras y compradoras profesionales de restaurantes, hospitales, tiendas de autoservicio, franquicias, entre otros giros.<\/p>\n<p>La directora de Comercio de la Sefoet, Teresa Espinosa Atoche, se\u00f1al\u00f3 que \u201cmediante acciones como \u00e9sta, se busca la comercializaci\u00f3n  y el fortalecimiento de los diferentes productos yucatecos\u201d, en apego a la l\u00ednea de acci\u00f3n trazada por el Gobernador Mauricio Vila Dosal de impulsar el desarrollo de las marcas de la entidad.<\/p>\n<p>Asimismo, sostuvo que el apoyo otorgado por la administraci\u00f3n estatal incluye el espacio en la muestra, el montaje del m\u00f3dulo y la imagen de la compa\u00f1\u00eda, mientras que las y los empresarios deben cubrir el costo de transporte, alimentos y hospedaje.<\/p>\n<p>Espinosa Atoche tambi\u00e9n destac\u00f3 que las firmas yucatecas han obtenido resultados tanto en ventas como al hacer contactos de negocios para comercializaci\u00f3n, distribuci\u00f3n y exportaci\u00f3n de sus bienes, como semillas, harinas, sustitutos de caf\u00e9, salsas de chile habanero, huevo de libre pastoreo, miel, extracto de vainilla, art\u00edculos de henequ\u00e9n y productos a base de or\u00e9gano.<\/p>\n<p>Cabe mencionar que en 2018, se cont\u00f3 con una asistencia total de 15 mil 473 visitantes, entre los cuales ocho mil 935 fueron compradores profesionales y 6 mil 538, consumidores; y para este a\u00f1o, se prev\u00e9n cifras a\u00fan mayores dado el \u00e9xito de ediciones pasadas.<\/p>\n","protected":false},"excerpt":{"rendered":"<p>M\u00e9rida, Yucat\u00e1n, 23 de febrero de 2019.- Un total de ocho firmas locales representan a Yucat\u00e1n en la novena edici\u00f3n de la Expo Caf\u00e9 y Gourmet en la ciudad de<\/p>\n","protected":false},"author":1,"featured_media":70881,"comment_status":"open","ping_status":"open","sticky":false,"template":"","format":"standard","meta":{"jetpack_post_was_ever_published":false,"_jetpack_newsletter_access":"","_jetpack_dont_email_post_to_subs":false,"_jetpack_newsletter_tier_id":0,"_jetpack_memberships_contains_paywalled_content":false,"_jetpack_memberships_contains_paid_content":false,"footnotes":"","jetpack_publicize_message":"","jetpack_publicize_feature_enabled":true,"jetpack_social_post_already_shared":true,"jetpack_social_options":{"image_generator_settings":{"template":"highway","default_image_id":0,"font":"","enabled":false},"version":2}},"categories":[14],"tags":[],"class_list":["post-70880","post","type-post","status-publish","format-standard","has-post-thumbnail","hentry","category-merida"],"jetpack_publicize_connections":[],"jetpack_featured_media_url":"https:\/\/formalprision.com\/wp-content\/uploads\/2019\/02\/IMG_3159.jpg","jetpack_sharing_enabled":true,"jetpack_shortlink":"https:\/\/wp.me\/p6id8p-ire","_links":{"self":[{"href":"https:\/\/formalprision.com\/index.php?rest_route=\/wp\/v2\/posts\/70880","targetHints":{"allow":["GET"]}}],"collection":[{"href":"https:\/\/formalprision.com\/index.php?rest_route=\/wp\/v2\/posts"}],"about":[{"href":"https:\/\/formalprision.com\/index.php?rest_route=\/wp\/v2\/types\/post"}],"author":[{"embeddable":true,"href":"https:\/\/formalprision.com\/index.php?rest_route=\/wp\/v2\/users\/1"}],"replies":[{"embeddable":true,"href":"https:\/\/formalprision.com\/index.php?rest_route=%2Fwp%2Fv2%2Fcomments&post=70880"}],"version-history":[{"count":0,"href":"https:\/\/formalprision.com\/index.php?rest_route=\/wp\/v2\/posts\/70880\/revisions"}],"wp:featuredmedia":[{"embeddable":true,"href":"https:\/\/formalprision.com\/index.php?rest_route=\/wp\/v2\/media\/70881"}],"wp:attachment":[{"href":"https:\/\/formalprision.com\/index.php?rest_route=%2Fwp%2Fv2%2Fmedia&parent=70880"}],"wp:term":[{"taxonomy":"category","embeddable":true,"href":"https:\/\/formalprision.com\/index.php?rest_route=%2Fwp%2Fv2%2Fcategories&post=70880"},{"taxonomy":"post_tag","embeddable":true,"href":"https:\/\/formalprision.com\/index.php?rest_route=%2Fwp%2Fv2%2Ftags&post=70880"}],"curies":[{"name":"wp","href":"https:\/\/api.w.org\/{rel}","templated":true}]}}