{"id":70883,"date":"2019-02-24T10:42:51","date_gmt":"2019-02-24T15:42:51","guid":{"rendered":"http:\/\/formalprision.com\/?p=70883"},"modified":"2019-02-27T16:36:39","modified_gmt":"2019-02-27T21:36:39","slug":"se-roba-a-un-nino-y-se-niega-a-revelar-su-paradero","status":"publish","type":"post","link":"https:\/\/formalprision.com\/?p=70883","title":{"rendered":"Se roba a un ni\u00f1o y se niega a revelar su paradero"},"content":{"rendered":"<p>Polic\u00edas de Progreso rescataron a un ni\u00f1o que fue robado de un predio del puerto y que hab\u00eda sido sustra\u00eddo por una mujer que ya fue detenida.<\/p>\n<p>El viernes pasado, la se\u00f1ora H.H.E., report\u00f3 a la Polic\u00eda Municipal que una mujer se hab\u00eda llevado  a su hijo de dos a\u00f1os.<\/p>\n<p>Indic\u00f3 que el menor fue sacado por el patio trasero del predio, ubicado en la calle 98 x 37 y 39 de la colonia Feliciano Canul Reyes.<\/p>\n<p>Entonces, se mont\u00f3 un amplio movimiento para la b\u00fasqueda de la mujer, ya que contaban con su descripci\u00f3n.<\/p>\n<p>Minutos despu\u00e9s, se ubic\u00f3 a L.A.M.M., quien se encontraba en la puerta de un predio en la colonia Vicente Guerrero, donde fue aprehendida.<\/p>\n<p>Sin embargo, se neg\u00f3 a decir d\u00f3nde estaba el menor y solo le grit\u00f3 a la madre que no lo volver\u00eda a ver, confirmando los vecinos que otra mujer se hab\u00eda llevado al ni\u00f1o, que finalmente fue localizado en otra casa un d\u00eda despu\u00e9s.<br \/>\n.<br \/>\nPosteriormente el menor fue entregado a su madre, quien acudi\u00f3 a la Fiscal\u00eda a denunciar por el delito de sustracci\u00f3n de menores.<\/p>\n<p>La mujer fue detenida fue remitida a la Fiscal\u00eda. La Policia no precis\u00f3 porqu\u00e9 se llev\u00f3 al menor, pero algunas personas se\u00f1alaron en redes sociales que en realidad es abuela del ni\u00f1o y lo sustrajo porque considera que la mam\u00e1 lo descuida y no le da vida digna.<\/p>\n","protected":false},"excerpt":{"rendered":"<p>Polic\u00edas de Progreso rescataron a un ni\u00f1o que fue robado de un predio del puerto y que hab\u00eda sido sustra\u00eddo por una mujer que ya fue detenida. El viernes pasado,<\/p>\n","protected":false},"author":1,"featured_media":70884,"comment_status":"open","ping_status":"open","sticky":false,"template":"","format":"standard","meta":{"jetpack_post_was_ever_published":false,"_jetpack_newsletter_access":"","_jetpack_dont_email_post_to_subs":false,"_jetpack_newsletter_tier_id":0,"_jetpack_memberships_contains_paywalled_content":false,"_jetpack_memberships_contains_paid_content":false,"footnotes":"","jetpack_publicize_message":"","jetpack_publicize_feature_enabled":true,"jetpack_social_post_already_shared":true,"jetpack_social_options":{"image_generator_settings":{"template":"highway","default_image_id":0,"font":"","enabled":false},"version":2}},"categories":[3],"tags":[],"class_list":["post-70883","post","type-post","status-publish","format-standard","has-post-thumbnail","hentry","category-portada"],"jetpack_publicize_connections":[],"jetpack_featured_media_url":"https:\/\/formalprision.com\/wp-content\/uploads\/2019\/02\/IMG_3164.jpg","jetpack_sharing_enabled":true,"jetpack_shortlink":"https:\/\/wp.me\/p6id8p-irh","_links":{"self":[{"href":"https:\/\/formalprision.com\/index.php?rest_route=\/wp\/v2\/posts\/70883","targetHints":{"allow":["GET"]}}],"collection":[{"href":"https:\/\/formalprision.com\/index.php?rest_route=\/wp\/v2\/posts"}],"about":[{"href":"https:\/\/formalprision.com\/index.php?rest_route=\/wp\/v2\/types\/post"}],"author":[{"embeddable":true,"href":"https:\/\/formalprision.com\/index.php?rest_route=\/wp\/v2\/users\/1"}],"replies":[{"embeddable":true,"href":"https:\/\/formalprision.com\/index.php?rest_route=%2Fwp%2Fv2%2Fcomments&post=70883"}],"version-history":[{"count":0,"href":"https:\/\/formalprision.com\/index.php?rest_route=\/wp\/v2\/posts\/70883\/revisions"}],"wp:featuredmedia":[{"embeddable":true,"href":"https:\/\/formalprision.com\/index.php?rest_route=\/wp\/v2\/media\/70884"}],"wp:attachment":[{"href":"https:\/\/formalprision.com\/index.php?rest_route=%2Fwp%2Fv2%2Fmedia&parent=70883"}],"wp:term":[{"taxonomy":"category","embeddable":true,"href":"https:\/\/formalprision.com\/index.php?rest_route=%2Fwp%2Fv2%2Fcategories&post=70883"},{"taxonomy":"post_tag","embeddable":true,"href":"https:\/\/formalprision.com\/index.php?rest_route=%2Fwp%2Fv2%2Ftags&post=70883"}],"curies":[{"name":"wp","href":"https:\/\/api.w.org\/{rel}","templated":true}]}}