{"id":70896,"date":"2019-02-26T11:02:03","date_gmt":"2019-02-26T16:02:03","guid":{"rendered":"http:\/\/formalprision.com\/?p=70896"},"modified":"2019-02-26T11:02:03","modified_gmt":"2019-02-26T16:02:03","slug":"reporta-un-homicidio-pero-no-dice-que-el-es-el-asesino","status":"publish","type":"post","link":"https:\/\/formalprision.com\/?p=70896","title":{"rendered":"Reporta un homicidio, pero no dice que \u00e9l es el asesino"},"content":{"rendered":"<p>El teporochito Jos\u00e9 Francisco Naal Pech fue imputado por el delito de homicidio calificado,  por haber matado a cuchilladas a Norberto Daniel Tamay Puc (a) \u201cMorro\u201d, de 26 a\u00f1os, con quien ten\u00eda viejas rencillas.<\/p>\n<p>La juez de control Diana Yadira Garrido Colonia decret\u00f3 en contra de Naal Pech la prisi\u00f3n preventiva oficiosa por todo el tiempo que dure el proceso.<\/p>\n<p>Igualmente orden\u00f3 una revisi\u00f3n corporal para determinar su estado de salud.<\/p>\n<p>Antes de finalizar la audiencia, solicit\u00f3 un control judicial para la obtenci\u00f3n de 5 prendas de vestir del imputado (chamarra, \u00absport\u00bb, bermuda y par de tenis), as\u00ed como muestras en ambas manos para rastreo hem\u00e1tico y extracci\u00f3n de sangre para examen toxicol\u00f3gico.<\/p>\n<p>Los hechos ocurrieron  el 22 de febrero, entre la 01:00 y 03:00 horas, cuando el sujeto se encontraba en un predio sin n\u00famero de la calle 9 x 32 de la colonia Los Reyes, y sostuvo un altercado con el ahora occiso, debido a que siempre hab\u00edan peleado.<\/p>\n<p>El lugar era centro de reuni\u00f3n de personas que acostumbran ingerir bebidas embriagantes.<\/p>\n<p>Naal Pech tom\u00f3 de pronto un cuchillo e hiri\u00f3 en m\u00e1s de siete ocasiones al ahora occiso, quien muri\u00f3 por anemia aguda secundaria a hemorragia interna y externa consecuente con heridas penetrantes de t\u00f3rax y abdomen por instrumento punzocortante.<\/p>\n<p>El presunto homicida fue a avisar al padre de la v\u00edctima, pero no cont\u00f3 la verdad, siendo detenido porque ten\u00eda huellas de sangre y estaba lesionado.<br \/>\nCarmelo Tamay Pan denunci\u00f3 los hechos.<br \/>\n&#8212;-<\/p>\n","protected":false},"excerpt":{"rendered":"<p>El teporochito Jos\u00e9 Francisco Naal Pech fue imputado por el delito de homicidio calificado, por haber matado a cuchilladas a Norberto Daniel Tamay Puc (a) \u201cMorro\u201d, de 26 a\u00f1os, con<\/p>\n","protected":false},"author":1,"featured_media":70897,"comment_status":"open","ping_status":"open","sticky":false,"template":"","format":"standard","meta":{"jetpack_post_was_ever_published":false,"_jetpack_newsletter_access":"","_jetpack_dont_email_post_to_subs":false,"_jetpack_newsletter_tier_id":0,"_jetpack_memberships_contains_paywalled_content":false,"_jetpack_memberships_contains_paid_content":false,"footnotes":"","jetpack_publicize_message":"","jetpack_publicize_feature_enabled":true,"jetpack_social_post_already_shared":true,"jetpack_social_options":{"image_generator_settings":{"template":"highway","default_image_id":0,"font":"","enabled":false},"version":2}},"categories":[59,54],"tags":[],"class_list":["post-70896","post","type-post","status-publish","format-standard","has-post-thumbnail","hentry","category-asesinos","category-yucatan"],"jetpack_publicize_connections":[],"jetpack_featured_media_url":"https:\/\/formalprision.com\/wp-content\/uploads\/2019\/02\/IMG_3166.jpg","jetpack_sharing_enabled":true,"jetpack_shortlink":"https:\/\/wp.me\/p6id8p-iru","_links":{"self":[{"href":"https:\/\/formalprision.com\/index.php?rest_route=\/wp\/v2\/posts\/70896","targetHints":{"allow":["GET"]}}],"collection":[{"href":"https:\/\/formalprision.com\/index.php?rest_route=\/wp\/v2\/posts"}],"about":[{"href":"https:\/\/formalprision.com\/index.php?rest_route=\/wp\/v2\/types\/post"}],"author":[{"embeddable":true,"href":"https:\/\/formalprision.com\/index.php?rest_route=\/wp\/v2\/users\/1"}],"replies":[{"embeddable":true,"href":"https:\/\/formalprision.com\/index.php?rest_route=%2Fwp%2Fv2%2Fcomments&post=70896"}],"version-history":[{"count":0,"href":"https:\/\/formalprision.com\/index.php?rest_route=\/wp\/v2\/posts\/70896\/revisions"}],"wp:featuredmedia":[{"embeddable":true,"href":"https:\/\/formalprision.com\/index.php?rest_route=\/wp\/v2\/media\/70897"}],"wp:attachment":[{"href":"https:\/\/formalprision.com\/index.php?rest_route=%2Fwp%2Fv2%2Fmedia&parent=70896"}],"wp:term":[{"taxonomy":"category","embeddable":true,"href":"https:\/\/formalprision.com\/index.php?rest_route=%2Fwp%2Fv2%2Fcategories&post=70896"},{"taxonomy":"post_tag","embeddable":true,"href":"https:\/\/formalprision.com\/index.php?rest_route=%2Fwp%2Fv2%2Ftags&post=70896"}],"curies":[{"name":"wp","href":"https:\/\/api.w.org\/{rel}","templated":true}]}}