{"id":70899,"date":"2019-02-26T11:08:26","date_gmt":"2019-02-26T16:08:26","guid":{"rendered":"http:\/\/formalprision.com\/?p=70899"},"modified":"2019-02-26T11:08:26","modified_gmt":"2019-02-26T16:08:26","slug":"fortalecen-estrategias-para-preservar-la-seguridad-en-yucatan","status":"publish","type":"post","link":"https:\/\/formalprision.com\/?p=70899","title":{"rendered":"Fortalecen estrategias para preservar la seguridad en Yucat\u00e1n"},"content":{"rendered":"<p>M\u00e9rida, Yucat\u00e1n, 25 de febrero de 2019.- El Gobernador Mauricio Vila Dosal encabez\u00f3, junto con autoridades militares y corporaciones polic\u00edacas en el estado, la sesi\u00f3n de la Mesa Estatal para la Construcci\u00f3n de la Paz, en la que se abordaron las acciones y estrategias para fortalecer la seguridad que prevalece en todo el territorio estatal.<\/p>\n<p>En la reuni\u00f3n con el mandatario participaron los comandantes de la IX Zona Naval, Vicealmirante Cuerpo General Diplomado Estado Mayor (DEM) Carlos Humberto Lanz Guti\u00e9rrez y de la 32 Zona Militar, General de Brigada DEM Fernando Aguirre O. Sunza, as\u00ed como el comisario estatal de la Polic\u00eda Federal, Roberto Rodr\u00edguez Rivero y los titulares de las Secretar\u00edas General de Gobierno, Mar\u00eda Fritz Sierra y de Seguridad P\u00fablica, Luis Felipe Said\u00e9n Ojeda.<\/p>\n<p>Tambi\u00e9n asistieron el comandante del 11 Batall\u00f3n de Infanter\u00eda de la X Regi\u00f3n Militar, Coronel de Infanter\u00eda DEM C\u00e9sar Amaya Becerra, el titular de la Fiscal\u00eda General del Estado, Wilbert Cetina Arjona, el delegado de la Fiscal\u00eda General de la Rep\u00fablica, Juan Manuel Le\u00f3n y la jefa de la Estaci\u00f3n del Centro Nacional de Inteligencia, Edna Montoya S\u00e1nchez.<\/p>\n<p>De igual forma, estuvieron presentes el titular de la Estaci\u00f3n M\u00e9rida de la Polic\u00eda Federal, Juan Carlos OIiver Gonz\u00e1lez, el subsecretario de Prevenci\u00f3n y Reinserci\u00f3n Social del Gobierno del Estado, Fernando Rosel Flores, el secretario Ejecutivo del Consejo Estatal de Seguridad P\u00fablica, Carlos Pacheco Medina y el director de la Polic\u00eda Municipal de M\u00e9rida, Arturo Romero Escalante. <\/p>\n","protected":false},"excerpt":{"rendered":"<p>M\u00e9rida, Yucat\u00e1n, 25 de febrero de 2019.- El Gobernador Mauricio Vila Dosal encabez\u00f3, junto con autoridades militares y corporaciones polic\u00edacas en el estado, la sesi\u00f3n de la Mesa Estatal para<\/p>\n","protected":false},"author":1,"featured_media":70900,"comment_status":"open","ping_status":"open","sticky":false,"template":"","format":"standard","meta":{"jetpack_post_was_ever_published":false,"_jetpack_newsletter_access":"","_jetpack_dont_email_post_to_subs":false,"_jetpack_newsletter_tier_id":0,"_jetpack_memberships_contains_paywalled_content":false,"_jetpack_memberships_contains_paid_content":false,"footnotes":"","jetpack_publicize_message":"","jetpack_publicize_feature_enabled":true,"jetpack_social_post_already_shared":true,"jetpack_social_options":{"image_generator_settings":{"template":"highway","default_image_id":0,"font":"","enabled":false},"version":2}},"categories":[14],"tags":[],"class_list":["post-70899","post","type-post","status-publish","format-standard","has-post-thumbnail","hentry","category-merida"],"jetpack_publicize_connections":[],"jetpack_featured_media_url":"https:\/\/formalprision.com\/wp-content\/uploads\/2019\/02\/IMG_3168.jpg","jetpack_sharing_enabled":true,"jetpack_shortlink":"https:\/\/wp.me\/p6id8p-irx","_links":{"self":[{"href":"https:\/\/formalprision.com\/index.php?rest_route=\/wp\/v2\/posts\/70899","targetHints":{"allow":["GET"]}}],"collection":[{"href":"https:\/\/formalprision.com\/index.php?rest_route=\/wp\/v2\/posts"}],"about":[{"href":"https:\/\/formalprision.com\/index.php?rest_route=\/wp\/v2\/types\/post"}],"author":[{"embeddable":true,"href":"https:\/\/formalprision.com\/index.php?rest_route=\/wp\/v2\/users\/1"}],"replies":[{"embeddable":true,"href":"https:\/\/formalprision.com\/index.php?rest_route=%2Fwp%2Fv2%2Fcomments&post=70899"}],"version-history":[{"count":0,"href":"https:\/\/formalprision.com\/index.php?rest_route=\/wp\/v2\/posts\/70899\/revisions"}],"wp:featuredmedia":[{"embeddable":true,"href":"https:\/\/formalprision.com\/index.php?rest_route=\/wp\/v2\/media\/70900"}],"wp:attachment":[{"href":"https:\/\/formalprision.com\/index.php?rest_route=%2Fwp%2Fv2%2Fmedia&parent=70899"}],"wp:term":[{"taxonomy":"category","embeddable":true,"href":"https:\/\/formalprision.com\/index.php?rest_route=%2Fwp%2Fv2%2Fcategories&post=70899"},{"taxonomy":"post_tag","embeddable":true,"href":"https:\/\/formalprision.com\/index.php?rest_route=%2Fwp%2Fv2%2Ftags&post=70899"}],"curies":[{"name":"wp","href":"https:\/\/api.w.org\/{rel}","templated":true}]}}