{"id":70902,"date":"2019-02-26T11:11:43","date_gmt":"2019-02-26T16:11:43","guid":{"rendered":"http:\/\/formalprision.com\/?p=70902"},"modified":"2019-02-26T11:11:43","modified_gmt":"2019-02-26T16:11:43","slug":"gobierno-del-estado-gestiona-inclusion-laboral-de-personas-con-discapacidad-en-la-iniciativa-privada","status":"publish","type":"post","link":"https:\/\/formalprision.com\/?p=70902","title":{"rendered":"Gobierno del Estado gestiona inclusi\u00f3n laboral de personas con discapacidad en la iniciativa privada"},"content":{"rendered":"<p>M\u00e9rida, Yucat\u00e1n, 25 de febrero de 2019.- Los esfuerzos del Gobierno del Estado por incluir a personas con discapacidad en el mercado laboral cada vez son m\u00e1s visibles, ya que la empresa alemana Leoni, que recientemente anunci\u00f3 la expansi\u00f3n de su planta M\u00e9rida II y construcci\u00f3n de la M\u00e9rida III, est\u00e1 interesada en integrar a este sector de la poblaci\u00f3n a su plantilla laboral.<\/p>\n<p>Cabe recordar que, Leoni es una de las 7 empresas que anunci\u00f3 el Gobernador Mauricio Vila Dosal realizar\u00e1n una inversi\u00f3n de 5,542 millones de pesos en Yucat\u00e1n, generando 10,570 empleos directos y 34,700 indirectos, principalmente en el interior del estado, con lo que se contribuir\u00e1 a mejorar la calidad de vida de los habitantes de los municipios, as\u00ed como la consolidaci\u00f3n y diversificaci\u00f3n industrial del estado.<\/p>\n<p>La incorporaci\u00f3n laboral de personas con discapacidad a las empresas establecidas en el estado es resultado de una iniciativa desarrollada de manera conjunta por la Secretar\u00eda de Fomento Econ\u00f3mico y Trabajo (Sefoet), a trav\u00e9s de su subsecretar\u00eda del Trabajo, y el Instituto para la Inclusi\u00f3n de las Personas con Discapacidad del Estado (Iipedey), con lo cual se otorgan oportunidades de desarrollo a este sector poblacional, a trav\u00e9s de empleos formales.<\/p>\n<p>\u201cSabemos que no es tarea f\u00e1cil superar siglos de discriminaci\u00f3n laboral hacia ellas y ellos. Hoy queremos enviar el mensaje de que las cosas deben cambiar, por ello agradecemos a Leoni ser parte de la transformaci\u00f3n de Yucat\u00e1n en un estado m\u00e1s incluyente\u201d, expres\u00f3 la directora del Iipedey, Mar\u00eda Teresa V\u00e1zquez Baqueiro.<\/p>\n<p>Esto, agreg\u00f3 la funcionaria, responde a uno de los principales compromisos del Gobernador Mauricio Vila Dosal: lograr su plena inclusi\u00f3n en la sociedad, y qu\u00e9 mejor que a trav\u00e9s de una ocupaci\u00f3n digna, dejando atr\u00e1s pol\u00edticas p\u00fablicas m\u00e9dico-asistencialistas.<\/p>\n<p>\u201cAhora, el gran reto es lograr su permanencia laboral, pero la suma de la voluntad de empleadores, instituciones p\u00fablicas y organizaciones de y para personas con discapacidad y sus familias, lo conseguiremos\u201d, enfatiz\u00f3.<\/p>\n<p>Leoni Wiring Systems, dedicada a la fabricaci\u00f3n y distribuci\u00f3n de arneses, fibras \u00f3pticas, cables y servicios relacionados con la industria automotriz, espera incorporar cerca de 12 trabajadores con discapacidad visual y auditiva, que contar\u00e1n, adem\u00e1s de un sueldo formal y prestaciones de ley, de servicio de comedor y transporte gratuitos, vales de despensa, seguro de vida y bonos de asistencia y productividad.<\/p>\n<p>As\u00ed, 48 personas interesadas en una oportunidad fueron recibidas por Jos\u00e9 Conciencao, director General de la planta M\u00e9rida I, y David Mej\u00eda, titular del \u00e1rea de Recursos Humanos de dicha firma, quienes les explicaron los procesos de maquila y ensamblaje, as\u00ed como las condiciones de contrataci\u00f3n.<\/p>\n<p>En ese marco, Agust\u00edn Men\u00e9ndez Reyes, subsecretario del Trabajo de la Sefoet, asegur\u00f3 que se va a tener acercamiento con otras empresas para que se suban al puente de la inclusi\u00f3n laboral como Leoni. \u00abEstamos creando alianzas para generar la infraestructura necesaria, como accesos apropiados en los centros laborales, servicio de psicolog\u00eda organizacional, es decir, atenuar barreras de cualquier tipo\u201d, subray\u00f3.<\/p>\n<p>Asimismo, destac\u00f3 el esfuerzo conjunto que realiza su dependencia y el Instituto para promover el empleo en todos los sectores de la sociedad, con especial atenci\u00f3n en grupos vulnerables, para motivarlos a postularse para una oferta digna, con lo cual se impulsa el tema de la inserci\u00f3n laboral.<\/p>\n<p>Despu\u00e9s de un breve recorrido por las instalaciones de la M\u00e9rida I, las y los interesados en alguna vacante fueron atendidos por personal de la compa\u00f1\u00eda, que realiz\u00f3 entrevistas a detalle y recibi\u00f3 la documentaci\u00f3n que llevaron. Se espera que en pocos d\u00edas se concluya el proceso de reclutamiento y selecci\u00f3n. (Comunicado de Prensa)<\/p>\n","protected":false},"excerpt":{"rendered":"<p>M\u00e9rida, Yucat\u00e1n, 25 de febrero de 2019.- Los esfuerzos del Gobierno del Estado por incluir a personas con discapacidad en el mercado laboral cada vez son m\u00e1s visibles, ya que<\/p>\n","protected":false},"author":1,"featured_media":70903,"comment_status":"open","ping_status":"open","sticky":false,"template":"","format":"standard","meta":{"jetpack_post_was_ever_published":false,"_jetpack_newsletter_access":"","_jetpack_dont_email_post_to_subs":false,"_jetpack_newsletter_tier_id":0,"_jetpack_memberships_contains_paywalled_content":false,"_jetpack_memberships_contains_paid_content":false,"footnotes":"","jetpack_publicize_message":"","jetpack_publicize_feature_enabled":true,"jetpack_social_post_already_shared":true,"jetpack_social_options":{"image_generator_settings":{"template":"highway","default_image_id":0,"font":"","enabled":false},"version":2}},"categories":[17],"tags":[],"class_list":["post-70902","post","type-post","status-publish","format-standard","has-post-thumbnail","hentry","category-politica-y-gobierno"],"jetpack_publicize_connections":[],"jetpack_featured_media_url":"https:\/\/formalprision.com\/wp-content\/uploads\/2019\/02\/IMG_3169.jpg","jetpack_sharing_enabled":true,"jetpack_shortlink":"https:\/\/wp.me\/p6id8p-irA","_links":{"self":[{"href":"https:\/\/formalprision.com\/index.php?rest_route=\/wp\/v2\/posts\/70902","targetHints":{"allow":["GET"]}}],"collection":[{"href":"https:\/\/formalprision.com\/index.php?rest_route=\/wp\/v2\/posts"}],"about":[{"href":"https:\/\/formalprision.com\/index.php?rest_route=\/wp\/v2\/types\/post"}],"author":[{"embeddable":true,"href":"https:\/\/formalprision.com\/index.php?rest_route=\/wp\/v2\/users\/1"}],"replies":[{"embeddable":true,"href":"https:\/\/formalprision.com\/index.php?rest_route=%2Fwp%2Fv2%2Fcomments&post=70902"}],"version-history":[{"count":0,"href":"https:\/\/formalprision.com\/index.php?rest_route=\/wp\/v2\/posts\/70902\/revisions"}],"wp:featuredmedia":[{"embeddable":true,"href":"https:\/\/formalprision.com\/index.php?rest_route=\/wp\/v2\/media\/70903"}],"wp:attachment":[{"href":"https:\/\/formalprision.com\/index.php?rest_route=%2Fwp%2Fv2%2Fmedia&parent=70902"}],"wp:term":[{"taxonomy":"category","embeddable":true,"href":"https:\/\/formalprision.com\/index.php?rest_route=%2Fwp%2Fv2%2Fcategories&post=70902"},{"taxonomy":"post_tag","embeddable":true,"href":"https:\/\/formalprision.com\/index.php?rest_route=%2Fwp%2Fv2%2Ftags&post=70902"}],"curies":[{"name":"wp","href":"https:\/\/api.w.org\/{rel}","templated":true}]}}