{"id":7091,"date":"2012-04-03T17:58:00","date_gmt":"2012-04-03T17:58:00","guid":{"rendered":"http:\/\/formalprision.info\/2012\/04\/03\/se-les-queman-los-pollos-en-progreso\/"},"modified":"2015-06-03T08:52:42","modified_gmt":"2015-06-03T08:52:42","slug":"se-les-queman-los-pollos-en-progreso","status":"publish","type":"post","link":"https:\/\/formalprision.com\/?p=7091","title":{"rendered":"Se les queman los pollos en Progreso"},"content":{"rendered":"<div class=\"separator\" style=\"clear: both; text-align: center;\"><a href=\"http:\/\/3.bp.blogspot.com\/-7YLg1slS8AE\/T3s6AM_DiZI\/AAAAAAAAGfs\/rZ0NH9txpOk\/s1600\/aaapollis.JPG\" imageanchor=\"1\" style=\"margin-left: 1em; margin-right: 1em;\"><img loading=\"lazy\" decoding=\"async\" border=\"0\" height=\"213\" src=\"http:\/\/formalprision.com\/wp-content\/uploads\/2012\/04\/aaapollis.jpg\" width=\"320\" \/><\/a><\/div>\n<p>Un incendio en una sucursal de pollos asados en Progreso moviliz\u00f3 &nbsp;a bomberos de  la SSP y polic\u00edas municipales, &nbsp;en el centro de la  ciudad.<br \/>El siniestro ocurri\u00f3 en el negocio \u00abPollo Dorado\u00bb, precisamente  en el \u00e1rea donde se cocinan los alimentos, cuando al parecer por un descuido el  carb\u00f3n agarr\u00f3 fuego de m\u00e1s e incendi\u00f3 la \u00abcampana\u00bb extractora. Debido a que la  campana estaba llena de cochambre, la estructura agarr\u00f3 fuego que se pod\u00eda ver  tanto dentro como fuera de la tienda.<br \/>La encargada del negocio, Isabel  Brice\u00f1o Casanova, se\u00f1al\u00f3 que el fuego agarr\u00f3 fuerza y tem\u00edan que alcanzara el  tanque estacionario que est\u00e1 en el techo del establecimiento.<br \/>La poller\u00eda  no ten\u00eda extinguidores a mano, por lo que los mismos polic\u00edas responsabilizaron  a Protecci\u00f3n Civil Municipal de esta grave falta.<br \/>Por suerte, el  comandante de la polic\u00eda tur\u00edstica, William Cervantes Romero fue el primero en  llegar en apoyo y r\u00e1pidamente corri\u00f3 a la sucursal del Niplito y a la de  SuperWillys, en donde pidi\u00f3 prestados los extinguidores para usarlos para  sofocar el fuego en Pollo Dorado.<br \/>Al poco rato llegaron bomberos de la  SSP que terminaron de controlar el incendio, el cual fue observado por decenas  de curiosos que estaban alrededor.<br \/>La se\u00f1ora Isabel Brice\u00f1o, fue atendida  por param\u00e9dicos de la Cruz Roja, quienes reportaron que no sufri\u00f3 intoxicaci\u00f3n y  que todo qued\u00f3 en un gran susto.<br \/>Agentes municipales y bomberos se\u00f1alaron  que las p\u00e9rdidas materiales fueron en la parrilla, chimenea y parte del  mobiliario del negocio. (Con informaci\u00f3n de Progresohoy.com)<\/p>\n","protected":false},"excerpt":{"rendered":"<p>Un incendio en una sucursal de pollos asados en Progreso moviliz\u00f3 &nbsp;a bomberos de la SSP y polic\u00edas municipales, &nbsp;en el centro de la ciudad.El siniestro ocurri\u00f3 en el negocio<\/p>\n","protected":false},"author":1,"featured_media":24280,"comment_status":"open","ping_status":"open","sticky":false,"template":"","format":"standard","meta":{"jetpack_post_was_ever_published":false,"_jetpack_newsletter_access":"","_jetpack_dont_email_post_to_subs":false,"_jetpack_newsletter_tier_id":0,"_jetpack_memberships_contains_paywalled_content":false,"_jetpack_memberships_contains_paid_content":false,"footnotes":"","jetpack_publicize_message":"","jetpack_publicize_feature_enabled":true,"jetpack_social_post_already_shared":false,"jetpack_social_options":{"image_generator_settings":{"template":"highway","default_image_id":0,"font":"","enabled":false},"version":2}},"categories":[56,3,1],"tags":[],"class_list":["post-7091","post","type-post","status-publish","format-standard","has-post-thumbnail","hentry","category-incendios","category-portada","category-sin-categoria"],"jetpack_publicize_connections":[],"jetpack_featured_media_url":"https:\/\/formalprision.com\/wp-content\/uploads\/2012\/04\/aaapollis.jpg","jetpack_sharing_enabled":true,"jetpack_shortlink":"https:\/\/wp.me\/p6id8p-1Qn","_links":{"self":[{"href":"https:\/\/formalprision.com\/index.php?rest_route=\/wp\/v2\/posts\/7091","targetHints":{"allow":["GET"]}}],"collection":[{"href":"https:\/\/formalprision.com\/index.php?rest_route=\/wp\/v2\/posts"}],"about":[{"href":"https:\/\/formalprision.com\/index.php?rest_route=\/wp\/v2\/types\/post"}],"author":[{"embeddable":true,"href":"https:\/\/formalprision.com\/index.php?rest_route=\/wp\/v2\/users\/1"}],"replies":[{"embeddable":true,"href":"https:\/\/formalprision.com\/index.php?rest_route=%2Fwp%2Fv2%2Fcomments&post=7091"}],"version-history":[{"count":0,"href":"https:\/\/formalprision.com\/index.php?rest_route=\/wp\/v2\/posts\/7091\/revisions"}],"wp:featuredmedia":[{"embeddable":true,"href":"https:\/\/formalprision.com\/index.php?rest_route=\/wp\/v2\/media\/24280"}],"wp:attachment":[{"href":"https:\/\/formalprision.com\/index.php?rest_route=%2Fwp%2Fv2%2Fmedia&parent=7091"}],"wp:term":[{"taxonomy":"category","embeddable":true,"href":"https:\/\/formalprision.com\/index.php?rest_route=%2Fwp%2Fv2%2Fcategories&post=7091"},{"taxonomy":"post_tag","embeddable":true,"href":"https:\/\/formalprision.com\/index.php?rest_route=%2Fwp%2Fv2%2Ftags&post=7091"}],"curies":[{"name":"wp","href":"https:\/\/api.w.org\/{rel}","templated":true}]}}