{"id":70917,"date":"2019-02-27T12:10:04","date_gmt":"2019-02-27T17:10:04","guid":{"rendered":"http:\/\/formalprision.com\/?p=70917"},"modified":"2019-03-01T22:13:06","modified_gmt":"2019-03-02T03:13:06","slug":"lo-acusan-de-robarse-el-camion-de-una-empresa-de-mariscos","status":"publish","type":"post","link":"https:\/\/formalprision.com\/?p=70917","title":{"rendered":"Lo acusan de robarse el cami\u00f3n de una empresa de mariscos"},"content":{"rendered":"<p>David Ernesto V\u00e1rguez Koh es procesado porque se llev\u00f3 sin permiso el cami\u00f3n de una empresa transportadora de pescados y mariscos.<\/p>\n<p>Ya fue imputado por el delito de robo de veh\u00edculo automotor, denunciado por V\u00edctor Manuel Cerece\u00f1o R\u00edos, representa te de la empresa \u00abAquacorporaci\u00f3n del Mayab, SA de CV\u00bb.<\/p>\n<p>Sin embargo, no se qued\u00f3 preso, ya que la juez Suemy del Rosario Lizama S\u00e1nchez  le impuso las medidas cautelares de presentaci\u00f3n peri\u00f3dica, no salir del Estado, y no acercarse al lugar de los hechos.<\/p>\n<p>Los hechos ocurrieron el 23 de febrero, alrededor de las 04:50 horas, cuando el sujeto se apoder\u00f3 il\u00edcitamente de un cami\u00f3n tipo Hino, de la marca Toyota, con placas de Yucat\u00e1n, que se encontraba en el interior del local de la empresa, en la calle 28 entre 11 y 9 de la Colonia Maya.<\/p>\n<p>Dicho veh\u00edculo se encontraba en resguardo junto con otros camiones con los que la empresa cuenta para brindar servicios de log\u00edstica y fletes a sus clientes.<\/p>\n<p>Despu\u00e9s de haber sustra\u00eddo la unidad, fue localizado conduciendo el automotor por calles de esta ciudad, donde fue detenido y ocupado el automotor por elementos de la Secretar\u00eda de Seguridad P\u00fablica que lo pusieron a disposici\u00f3n de las autoridades competentes.<\/p>\n","protected":false},"excerpt":{"rendered":"<p>David Ernesto V\u00e1rguez Koh es procesado porque se llev\u00f3 sin permiso el cami\u00f3n de una empresa transportadora de pescados y mariscos. Ya fue imputado por el delito de robo de<\/p>\n","protected":false},"author":1,"featured_media":70407,"comment_status":"open","ping_status":"open","sticky":false,"template":"","format":"standard","meta":{"jetpack_post_was_ever_published":false,"_jetpack_newsletter_access":"","_jetpack_dont_email_post_to_subs":false,"_jetpack_newsletter_tier_id":0,"_jetpack_memberships_contains_paywalled_content":false,"_jetpack_memberships_contains_paid_content":false,"footnotes":"","jetpack_publicize_message":"","jetpack_publicize_feature_enabled":true,"jetpack_social_post_already_shared":true,"jetpack_social_options":{"image_generator_settings":{"template":"highway","default_image_id":0,"font":"","enabled":false},"version":2}},"categories":[3],"tags":[],"class_list":["post-70917","post","type-post","status-publish","format-standard","has-post-thumbnail","hentry","category-portada"],"jetpack_publicize_connections":[],"jetpack_featured_media_url":"https:\/\/formalprision.com\/wp-content\/uploads\/2019\/02\/IMG_2399.jpg","jetpack_sharing_enabled":true,"jetpack_shortlink":"https:\/\/wp.me\/p6id8p-irP","_links":{"self":[{"href":"https:\/\/formalprision.com\/index.php?rest_route=\/wp\/v2\/posts\/70917","targetHints":{"allow":["GET"]}}],"collection":[{"href":"https:\/\/formalprision.com\/index.php?rest_route=\/wp\/v2\/posts"}],"about":[{"href":"https:\/\/formalprision.com\/index.php?rest_route=\/wp\/v2\/types\/post"}],"author":[{"embeddable":true,"href":"https:\/\/formalprision.com\/index.php?rest_route=\/wp\/v2\/users\/1"}],"replies":[{"embeddable":true,"href":"https:\/\/formalprision.com\/index.php?rest_route=%2Fwp%2Fv2%2Fcomments&post=70917"}],"version-history":[{"count":0,"href":"https:\/\/formalprision.com\/index.php?rest_route=\/wp\/v2\/posts\/70917\/revisions"}],"wp:featuredmedia":[{"embeddable":true,"href":"https:\/\/formalprision.com\/index.php?rest_route=\/wp\/v2\/media\/70407"}],"wp:attachment":[{"href":"https:\/\/formalprision.com\/index.php?rest_route=%2Fwp%2Fv2%2Fmedia&parent=70917"}],"wp:term":[{"taxonomy":"category","embeddable":true,"href":"https:\/\/formalprision.com\/index.php?rest_route=%2Fwp%2Fv2%2Fcategories&post=70917"},{"taxonomy":"post_tag","embeddable":true,"href":"https:\/\/formalprision.com\/index.php?rest_route=%2Fwp%2Fv2%2Ftags&post=70917"}],"curies":[{"name":"wp","href":"https:\/\/api.w.org\/{rel}","templated":true}]}}