{"id":7092,"date":"2012-04-03T17:49:00","date_gmt":"2012-04-03T17:49:00","guid":{"rendered":"http:\/\/formalprision.info\/2012\/04\/03\/no-asiste-el-mozo-de-wafe-kuri-dar-su\/"},"modified":"2015-06-03T08:52:42","modified_gmt":"2015-06-03T08:52:42","slug":"no-asiste-el-mozo-de-wafe-kuri-dar-su","status":"publish","type":"post","link":"https:\/\/formalprision.com\/?p=7092","title":{"rendered":"No asiste el mozo de Waf\u00e9 Kur\u00ed a dar su testimonio ante el juez"},"content":{"rendered":"<p><\/p>\n<div class=\"separator\" style=\"clear: both; text-align: center;\"><a href=\"http:\/\/2.bp.blogspot.com\/-eet9Zh1A-lI\/T3s1qssJI0I\/AAAAAAAAGfk\/no5sWdkZLiU\/s1600\/aaaachiririon.jpg\" imageanchor=\"1\" style=\"margin-left: 1em; margin-right: 1em;\"><img loading=\"lazy\" decoding=\"async\" border=\"0\" height=\"213\" src=\"http:\/\/formalprision.com\/wp-content\/uploads\/2012\/04\/aaaachiririon.jpg\" width=\"320\" \/><\/a><\/div>\n<div class=\"MsoNormal\">Debido a la inasistencia de un testigo, el Juzgado S\u00e9ptimo Penal difiri\u00f3 hoy una importante audiencia en el juicio que se le sigue al empresario Wafe Kuri Torre, acusado por la muerte de su esposa Rosa Mar\u00eda Arceo Ochoa. <br \/>Miguel Uicab Naal, quien fuera mozo de Waf\u00e9, no se present\u00f3 al juzgado, por lo que la audiencia se reprogram\u00f3 para el pr\u00f3ximo 18 de este mes.<\/div>\n<div class=\"MsoNormal\">La diligencia es considerada como \u201cla \u00faltima carta\u201d que se jugar\u00e1 Waf\u00e9 Kuri antes de que se emita el veredicto final en este caso.<\/div>\n<div class=\"MsoNormal\">La comparecencia del mozo es considerada importante porque \u00e9l conoc\u00eda c\u00f3mo funcionaban los sistemas de seguridad en casa del empresario, por lo que su testimonio permitir\u00eda corroborar si en verdad alguien pudo haberse metido a la vivienda y, como alega el empresario.<\/div>\n<div class=\"MsoNormal\">Sin embargo, el mozo no ha sido localizado porque se fue a vivir a Campeche y se desconoce exactamente su paradero, aunque ahora se har\u00e1n algunas diligencias para ubicarlo y hacerlo comparecer.<\/div>\n<div class=\"MsoNormal\" style=\"background-attachment: initial; background-clip: initial; background-color: white; background-image: initial; background-origin: initial; background-position: initial initial; background-repeat: initial initial; margin-bottom: 0.0001pt;\">Hace algunas semanas, Waf\u00e9 sufri\u00f3 algunos reveses porque el Juzgado 7o. Penal reiter\u00f3 que no admitir\u00eda varias pruebas que se solicitaron, adem\u00e1s de que ese juzgado no admiti\u00f3 que la defensa formulara varias preguntas a los peritos que intervinieron como terceros en discordia.<br \/>Tampoco se llevar\u00e1 al cabo una \u00abreconstrucci\u00f3n de hechos\u00bb en la casa de Montebello, donde ocurrieron los hechos en enero de 2008.<\/p>\n<\/div>\n<div class=\"MsoNormal\"><\/div>\n","protected":false},"excerpt":{"rendered":"<p>Debido a la inasistencia de un testigo, el Juzgado S\u00e9ptimo Penal difiri\u00f3 hoy una importante audiencia en el juicio que se le sigue al empresario Wafe Kuri Torre, acusado por<\/p>\n","protected":false},"author":1,"featured_media":24282,"comment_status":"open","ping_status":"open","sticky":false,"template":"","format":"standard","meta":{"jetpack_post_was_ever_published":false,"_jetpack_newsletter_access":"","_jetpack_dont_email_post_to_subs":false,"_jetpack_newsletter_tier_id":0,"_jetpack_memberships_contains_paywalled_content":false,"_jetpack_memberships_contains_paid_content":false,"footnotes":"","jetpack_publicize_message":"","jetpack_publicize_feature_enabled":true,"jetpack_social_post_already_shared":false,"jetpack_social_options":{"image_generator_settings":{"template":"highway","default_image_id":0,"font":"","enabled":false},"version":2}},"categories":[59,3,1],"tags":[],"class_list":["post-7092","post","type-post","status-publish","format-standard","has-post-thumbnail","hentry","category-asesinos","category-portada","category-sin-categoria"],"jetpack_publicize_connections":[],"jetpack_featured_media_url":"https:\/\/formalprision.com\/wp-content\/uploads\/2012\/04\/aaaachiririon.jpg","jetpack_sharing_enabled":true,"jetpack_shortlink":"https:\/\/wp.me\/p6id8p-1Qo","_links":{"self":[{"href":"https:\/\/formalprision.com\/index.php?rest_route=\/wp\/v2\/posts\/7092","targetHints":{"allow":["GET"]}}],"collection":[{"href":"https:\/\/formalprision.com\/index.php?rest_route=\/wp\/v2\/posts"}],"about":[{"href":"https:\/\/formalprision.com\/index.php?rest_route=\/wp\/v2\/types\/post"}],"author":[{"embeddable":true,"href":"https:\/\/formalprision.com\/index.php?rest_route=\/wp\/v2\/users\/1"}],"replies":[{"embeddable":true,"href":"https:\/\/formalprision.com\/index.php?rest_route=%2Fwp%2Fv2%2Fcomments&post=7092"}],"version-history":[{"count":0,"href":"https:\/\/formalprision.com\/index.php?rest_route=\/wp\/v2\/posts\/7092\/revisions"}],"wp:featuredmedia":[{"embeddable":true,"href":"https:\/\/formalprision.com\/index.php?rest_route=\/wp\/v2\/media\/24282"}],"wp:attachment":[{"href":"https:\/\/formalprision.com\/index.php?rest_route=%2Fwp%2Fv2%2Fmedia&parent=7092"}],"wp:term":[{"taxonomy":"category","embeddable":true,"href":"https:\/\/formalprision.com\/index.php?rest_route=%2Fwp%2Fv2%2Fcategories&post=7092"},{"taxonomy":"post_tag","embeddable":true,"href":"https:\/\/formalprision.com\/index.php?rest_route=%2Fwp%2Fv2%2Ftags&post=7092"}],"curies":[{"name":"wp","href":"https:\/\/api.w.org\/{rel}","templated":true}]}}