{"id":70926,"date":"2019-02-27T20:55:52","date_gmt":"2019-02-28T01:55:52","guid":{"rendered":"http:\/\/formalprision.com\/?p=70926"},"modified":"2019-02-27T20:55:52","modified_gmt":"2019-02-28T01:55:52","slug":"cierre-de-calles-por-desfile-infantil-del-carnaval","status":"publish","type":"post","link":"https:\/\/formalprision.com\/?p=70926","title":{"rendered":"Cierre de calles por desfile infantil del Carnaval"},"content":{"rendered":"<p>M\u00e9rida, Yucat\u00e1n a 27 de febrero de 2019.- Para garantizar la seguridad de los ni\u00f1os que participar\u00e1n este jueves  en el desfile infantil del Carnaval de M\u00e9rida, la Polic\u00eda Municipal de M\u00e9rida dispondr\u00e1 un dispositivo de seguridad y vialidad en el centro de M\u00e9rida.<\/p>\n<p>Adem\u00e1s de los polic\u00edas municipales asignados al derrotero del desfile, la corporaci\u00f3n realizar\u00e1 una serie de cierres de calle en los alrededores de la Plaza Grande y en calles aleda\u00f1as como la 58, 60 y 62 desde la 63 a la 51.<\/p>\n<p>Los cortes de las vialidades se har\u00e1n de manera escalonada a partir de las 14:00 horas, iniciando con el cierre de las calles 64 por 63 en su tr\u00e1nsito al oriente, y la calle 61 por 62 en su circulaci\u00f3n hacia el poniente.<\/p>\n<p>A las 15:00 horas, se cerrar\u00e1 el tr\u00e1nsito de la calle 62 hacia el oriente en las siguientes intersecciones: 59, 55 y 51. A esa misma hora, estar\u00e1 cerrada la circulaci\u00f3n de la calle 58 hacia el poniente en sus cruces con la 61, 57 y 53.<\/p>\n<p>Las calles se ir\u00e1n abriendo de manera paulatina a las 18:00 horas, conforme la asistencia de personas disminuya.(Comunicado de Prensa)<\/p>\n<p>Finalmente, la Polic\u00eda Municipal de M\u00e9rida mantendr\u00e1 a sus elementos en los principales cruceros para que el tr\u00e1nsito vehicular sea fluido as\u00ed como exhorta a la poblaci\u00f3n a tomar sus precauciones.<\/p>\n","protected":false},"excerpt":{"rendered":"<p>M\u00e9rida, Yucat\u00e1n a 27 de febrero de 2019.- Para garantizar la seguridad de los ni\u00f1os que participar\u00e1n este jueves en el desfile infantil del Carnaval de M\u00e9rida, la Polic\u00eda Municipal<\/p>\n","protected":false},"author":1,"featured_media":70927,"comment_status":"open","ping_status":"open","sticky":false,"template":"","format":"standard","meta":{"jetpack_post_was_ever_published":false,"_jetpack_newsletter_access":"","_jetpack_dont_email_post_to_subs":false,"_jetpack_newsletter_tier_id":0,"_jetpack_memberships_contains_paywalled_content":false,"_jetpack_memberships_contains_paid_content":false,"footnotes":"","jetpack_publicize_message":"","jetpack_publicize_feature_enabled":true,"jetpack_social_post_already_shared":true,"jetpack_social_options":{"image_generator_settings":{"template":"highway","default_image_id":0,"font":"","enabled":false},"version":2}},"categories":[14],"tags":[],"class_list":["post-70926","post","type-post","status-publish","format-standard","has-post-thumbnail","hentry","category-merida"],"jetpack_publicize_connections":[],"jetpack_featured_media_url":"https:\/\/formalprision.com\/wp-content\/uploads\/2019\/02\/IMG_3179.jpg","jetpack_sharing_enabled":true,"jetpack_shortlink":"https:\/\/wp.me\/p6id8p-irY","_links":{"self":[{"href":"https:\/\/formalprision.com\/index.php?rest_route=\/wp\/v2\/posts\/70926","targetHints":{"allow":["GET"]}}],"collection":[{"href":"https:\/\/formalprision.com\/index.php?rest_route=\/wp\/v2\/posts"}],"about":[{"href":"https:\/\/formalprision.com\/index.php?rest_route=\/wp\/v2\/types\/post"}],"author":[{"embeddable":true,"href":"https:\/\/formalprision.com\/index.php?rest_route=\/wp\/v2\/users\/1"}],"replies":[{"embeddable":true,"href":"https:\/\/formalprision.com\/index.php?rest_route=%2Fwp%2Fv2%2Fcomments&post=70926"}],"version-history":[{"count":0,"href":"https:\/\/formalprision.com\/index.php?rest_route=\/wp\/v2\/posts\/70926\/revisions"}],"wp:featuredmedia":[{"embeddable":true,"href":"https:\/\/formalprision.com\/index.php?rest_route=\/wp\/v2\/media\/70927"}],"wp:attachment":[{"href":"https:\/\/formalprision.com\/index.php?rest_route=%2Fwp%2Fv2%2Fmedia&parent=70926"}],"wp:term":[{"taxonomy":"category","embeddable":true,"href":"https:\/\/formalprision.com\/index.php?rest_route=%2Fwp%2Fv2%2Fcategories&post=70926"},{"taxonomy":"post_tag","embeddable":true,"href":"https:\/\/formalprision.com\/index.php?rest_route=%2Fwp%2Fv2%2Ftags&post=70926"}],"curies":[{"name":"wp","href":"https:\/\/api.w.org\/{rel}","templated":true}]}}