{"id":7096,"date":"2012-04-02T14:23:00","date_gmt":"2012-04-02T14:23:00","guid":{"rendered":"http:\/\/formalprision.info\/2012\/04\/02\/muere-motociclista-al-estrellarse-en\/"},"modified":"2015-06-03T08:52:42","modified_gmt":"2015-06-03T08:52:42","slug":"muere-motociclista-al-estrellarse-en","status":"publish","type":"post","link":"https:\/\/formalprision.com\/?p=7096","title":{"rendered":"Muere motociclista al estrellarse en Juan Pablo II"},"content":{"rendered":"<p><\/p>\n<div class=\"MsoNormal\" style=\"background-attachment: initial; background-clip: initial; background-color: white; background-image: initial; background-origin: initial; background-position: initial initial; background-repeat: initial initial; margin-bottom: 0.0001pt;\">Manuel Eduardo Canch\u00e9 Gamboa, de aproximadamente 30 a\u00f1os de edad, muri\u00f3 ayer en la madrugada al estrellarse cuando conduc\u00eda su motocicleta por calles del fraccionamiento Juan Pablo II.<\/div>\n<div class=\"separator\" style=\"clear: both; text-align: center;\"><a href=\"http:\/\/2.bp.blogspot.com\/-18jkziM_y8I\/T3lDPsjlyXI\/AAAAAAAAGe8\/6ZsoSgGfyak\/s1600\/aaamoridosessesese.jpg\" imageanchor=\"1\" style=\"margin-left: 1em; margin-right: 1em;\"><img loading=\"lazy\" decoding=\"async\" border=\"0\" height=\"197\" src=\"http:\/\/formalprision.com\/wp-content\/uploads\/2012\/04\/aaamoridosessesese.jpg\" width=\"320\" \/><\/a><\/div>\n<div class=\"MsoNormal\" style=\"background-attachment: initial; background-clip: initial; background-color: white; background-image: initial; background-origin: initial; background-position: initial initial; background-repeat: initial initial; margin-bottom: 0.0001pt;\">El percance mortal ocurri\u00f3 a las 4 de la madrugada en la &nbsp;calle 22 por 53- A de ese &nbsp;fraccionamiento.<\/div>\n<div class=\"MsoNormal\" style=\"background-attachment: initial; background-clip: initial; background-color: white; background-image: initial; background-origin: initial; background-position: initial initial; background-repeat: initial initial; margin-bottom: 0.0001pt;\">El ahora occiso conduc\u00eda una motocicleta &nbsp;Italika placas 7GSX4, transitando de Norte a Sur sobre la avenida 22, pero &nbsp;al llegar al cruce de la calle 53-A,, perdi\u00f3 el control, colision\u00f3 el camell\u00f3n central y derrap\u00f3.<\/div>\n<div class=\"MsoNormal\" style=\"background-attachment: initial; background-clip: initial; background-color: white; background-image: initial; background-origin: initial; background-position: initial initial; background-repeat: initial initial; margin-bottom: 0.0001pt;\">Muri\u00f3 porque se golpe\u00f3 fuertemente la&nbsp; cabeza. <\/div>\n<div class=\"MsoNormal\"><\/div>\n","protected":false},"excerpt":{"rendered":"<p>Manuel Eduardo Canch\u00e9 Gamboa, de aproximadamente 30 a\u00f1os de edad, muri\u00f3 ayer en la madrugada al estrellarse cuando conduc\u00eda su motocicleta por calles del fraccionamiento Juan Pablo II. El percance<\/p>\n","protected":false},"author":1,"featured_media":24290,"comment_status":"open","ping_status":"open","sticky":false,"template":"","format":"standard","meta":{"jetpack_post_was_ever_published":false,"_jetpack_newsletter_access":"","_jetpack_dont_email_post_to_subs":false,"_jetpack_newsletter_tier_id":0,"_jetpack_memberships_contains_paywalled_content":false,"_jetpack_memberships_contains_paid_content":false,"footnotes":"","jetpack_publicize_message":"","jetpack_publicize_feature_enabled":true,"jetpack_social_post_already_shared":false,"jetpack_social_options":{"image_generator_settings":{"template":"highway","default_image_id":0,"font":"","enabled":false},"version":2}},"categories":[44,3,1],"tags":[],"class_list":["post-7096","post","type-post","status-publish","format-standard","has-post-thumbnail","hentry","category-morgue","category-portada","category-sin-categoria"],"jetpack_publicize_connections":[],"jetpack_featured_media_url":"https:\/\/formalprision.com\/wp-content\/uploads\/2012\/04\/aaamoridosessesese.jpg","jetpack_sharing_enabled":true,"jetpack_shortlink":"https:\/\/wp.me\/p6id8p-1Qs","_links":{"self":[{"href":"https:\/\/formalprision.com\/index.php?rest_route=\/wp\/v2\/posts\/7096","targetHints":{"allow":["GET"]}}],"collection":[{"href":"https:\/\/formalprision.com\/index.php?rest_route=\/wp\/v2\/posts"}],"about":[{"href":"https:\/\/formalprision.com\/index.php?rest_route=\/wp\/v2\/types\/post"}],"author":[{"embeddable":true,"href":"https:\/\/formalprision.com\/index.php?rest_route=\/wp\/v2\/users\/1"}],"replies":[{"embeddable":true,"href":"https:\/\/formalprision.com\/index.php?rest_route=%2Fwp%2Fv2%2Fcomments&post=7096"}],"version-history":[{"count":0,"href":"https:\/\/formalprision.com\/index.php?rest_route=\/wp\/v2\/posts\/7096\/revisions"}],"wp:featuredmedia":[{"embeddable":true,"href":"https:\/\/formalprision.com\/index.php?rest_route=\/wp\/v2\/media\/24290"}],"wp:attachment":[{"href":"https:\/\/formalprision.com\/index.php?rest_route=%2Fwp%2Fv2%2Fmedia&parent=7096"}],"wp:term":[{"taxonomy":"category","embeddable":true,"href":"https:\/\/formalprision.com\/index.php?rest_route=%2Fwp%2Fv2%2Fcategories&post=7096"},{"taxonomy":"post_tag","embeddable":true,"href":"https:\/\/formalprision.com\/index.php?rest_route=%2Fwp%2Fv2%2Ftags&post=7096"}],"curies":[{"name":"wp","href":"https:\/\/api.w.org\/{rel}","templated":true}]}}