{"id":7097,"date":"2012-04-02T03:27:00","date_gmt":"2012-04-02T03:27:00","guid":{"rendered":"http:\/\/formalprision.info\/2012\/04\/02\/es-menor-de-edad-el-drogadicto-que-se\/"},"modified":"2015-06-03T08:52:43","modified_gmt":"2015-06-03T08:52:43","slug":"es-menor-de-edad-el-drogadicto-que-se","status":"publish","type":"post","link":"https:\/\/formalprision.com\/?p=7097","title":{"rendered":"Es menor de edad el drogadicto que se rob\u00f3 a la ni\u00f1a M\u00eda Regina"},"content":{"rendered":"<p><\/p>\n<div class=\"separator\" style=\"clear: both; text-align: center;\"><a href=\"http:\/\/4.bp.blogspot.com\/-aAu9XFnAuRc\/T3kb2eQCePI\/AAAAAAAAGe0\/cRPr1LoFYTg\/s1600\/aaadejamaica.jpg\" imageanchor=\"1\" style=\"margin-left: 1em; margin-right: 1em;\"><img loading=\"lazy\" decoding=\"async\" border=\"0\" height=\"235\" src=\"http:\/\/formalprision.com\/wp-content\/uploads\/2012\/04\/aaadejamaica.jpg\" width=\"320\" \/><\/a><\/div>\n<div class=\"MsoNormal\" style=\"background: white; line-height: 18.0pt;\">La Fiscal\u00eda General del Estado inform\u00f3 hoy que es menor de edad el sujeto que en d\u00edas pasados se rob\u00f3 un veh\u00edculo en el que se encontraba la menor M\u00eda Regina Montero Pinto.<\/div>\n<div class=\"MsoNormal\" style=\"background: white; line-height: 18.0pt;\">Por lo tanto, el detenido no ser\u00e1 juzgado como adulto, por lo que su sanci\u00f3n ser\u00e1 m\u00e1s ben\u00e9vola.<\/div>\n<div class=\"MsoNormal\" style=\"background: white; line-height: 18.0pt;\">Tras los hechos, las autoridades informaron que el responsable, identificado como Eduardo Manuel Ojeda Kuk, ten\u00eda 18 a\u00f1os de edad,<\/div>\n<div class=\"MsoNormal\" style=\"background: white; line-height: 18.0pt;\">Sin embargo, hoy el fiscal general H\u00e9ctor Cabrera Rivero inform\u00f3 a trav\u00e9s de su cuenta de Twitter que el sujeto es menor de edad, por lo que su caso est\u00e1 en manos del Juez de Control Especializado, autoridad que accedi\u00f3 a conceder la detenci\u00f3n provisional solicitada por la Fiscal\u00eda.<\/div>\n<div class=\"MsoNormal\" style=\"background: white; line-height: 18.0pt;\">Ahora, el proceso tendr\u00e1 un tratamiento diferente, acorde a la minor\u00eda de edad del detenido.<\/div>\n<div class=\"MsoNormal\" style=\"background: white; line-height: 18.0pt;\">Como se inform\u00f3, el sujeto rob\u00f3 una camioneta Journey en la calle 23 entre 11 y 13 del fraccionamiento Residencial Pensiones y luego el veh\u00edculo fue localizado en Chenk\u00fa, donde tambi\u00e9n fue rescatada la menor <\/div>\n<div class=\"MsoNormal\"><\/div>\n","protected":false},"excerpt":{"rendered":"<p>La Fiscal\u00eda General del Estado inform\u00f3 hoy que es menor de edad el sujeto que en d\u00edas pasados se rob\u00f3 un veh\u00edculo en el que se encontraba la menor M\u00eda<\/p>\n","protected":false},"author":1,"featured_media":24292,"comment_status":"open","ping_status":"open","sticky":false,"template":"","format":"standard","meta":{"jetpack_post_was_ever_published":false,"_jetpack_newsletter_access":"","_jetpack_dont_email_post_to_subs":false,"_jetpack_newsletter_tier_id":0,"_jetpack_memberships_contains_paywalled_content":false,"_jetpack_memberships_contains_paid_content":false,"footnotes":"","jetpack_publicize_message":"","jetpack_publicize_feature_enabled":true,"jetpack_social_post_already_shared":false,"jetpack_social_options":{"image_generator_settings":{"template":"highway","default_image_id":0,"font":"","enabled":false},"version":2}},"categories":[3,58,1],"tags":[],"class_list":["post-7097","post","type-post","status-publish","format-standard","has-post-thumbnail","hentry","category-portada","category-rescates","category-sin-categoria"],"jetpack_publicize_connections":[],"jetpack_featured_media_url":"https:\/\/formalprision.com\/wp-content\/uploads\/2012\/04\/aaadejamaica.jpg","jetpack_sharing_enabled":true,"jetpack_shortlink":"https:\/\/wp.me\/p6id8p-1Qt","_links":{"self":[{"href":"https:\/\/formalprision.com\/index.php?rest_route=\/wp\/v2\/posts\/7097","targetHints":{"allow":["GET"]}}],"collection":[{"href":"https:\/\/formalprision.com\/index.php?rest_route=\/wp\/v2\/posts"}],"about":[{"href":"https:\/\/formalprision.com\/index.php?rest_route=\/wp\/v2\/types\/post"}],"author":[{"embeddable":true,"href":"https:\/\/formalprision.com\/index.php?rest_route=\/wp\/v2\/users\/1"}],"replies":[{"embeddable":true,"href":"https:\/\/formalprision.com\/index.php?rest_route=%2Fwp%2Fv2%2Fcomments&post=7097"}],"version-history":[{"count":0,"href":"https:\/\/formalprision.com\/index.php?rest_route=\/wp\/v2\/posts\/7097\/revisions"}],"wp:featuredmedia":[{"embeddable":true,"href":"https:\/\/formalprision.com\/index.php?rest_route=\/wp\/v2\/media\/24292"}],"wp:attachment":[{"href":"https:\/\/formalprision.com\/index.php?rest_route=%2Fwp%2Fv2%2Fmedia&parent=7097"}],"wp:term":[{"taxonomy":"category","embeddable":true,"href":"https:\/\/formalprision.com\/index.php?rest_route=%2Fwp%2Fv2%2Fcategories&post=7097"},{"taxonomy":"post_tag","embeddable":true,"href":"https:\/\/formalprision.com\/index.php?rest_route=%2Fwp%2Fv2%2Ftags&post=7097"}],"curies":[{"name":"wp","href":"https:\/\/api.w.org\/{rel}","templated":true}]}}