{"id":71118,"date":"2019-03-10T11:34:08","date_gmt":"2019-03-10T16:34:08","guid":{"rendered":"http:\/\/formalprision.com\/?p=71118"},"modified":"2019-03-10T11:34:08","modified_gmt":"2019-03-10T16:34:08","slug":"el-festival-de-la-veda-continua-moviendo-la-economia-en-la-costa-yucateca","status":"publish","type":"post","link":"https:\/\/formalprision.com\/?p=71118","title":{"rendered":"El Festival de la Veda contin\u00faa moviendo la  econom\u00eda en la costa yucateca"},"content":{"rendered":"<p>Telchac Puerto, Yucat\u00e1n, 9 de marzo de 2019.- Como resultado de las atractivas promociones y actividades que se realizan en la costa yucateca dentro del Festival de la Veda, restauranteros, hoteleros y touroperadores registran incrementos en los ingresos, superiores a sus expectativas, lo que refleja el \u00e9xito de esta estrategia impulsada por el Gobernador Mauricio Vila Dosal para respaldar a los hombres y mujeres de mar durante la \u00e9poca en que se restringe la captura del mero.<\/p>\n<p>Los prestadores de servicios tur\u00edsticos y comerciantes de los diferentes puertos del litoral yucateco han podido percibir los beneficios que los eventos deportivos, culturales, sociales y ecotur\u00edsticos generan para estos lugares y que los han convertido en atractivos sitios para visitar en familias o con amigos.<\/p>\n<p>Por ejemplo, de acuerdo con el reporte de la Secretar\u00eda de Fomento Tur\u00edstico (Sefotur), durante el \u00faltimo fin de semana de febrero, cooperativas que ofrecen recorridos ecotur\u00edsticos en Celest\u00fan registraron un aumento de casi el doble en sus ganancias, con respecto al mismo per\u00edodo del a\u00f1o pasado. La afluencia en este mes ha sido mayor de la acostumbrada, incluso en la llamada temporada alta.<\/p>\n<p>Este fin de semana, uno de los eventos que m\u00e1s llama la atenci\u00f3n en la costa es la exposici\u00f3n de esculturas de arena a cargo de Calixto Molina Navarrete, originario de Acapulco, Guerrero, quien ha participado en exhibiciones internacionales y ahora se encuentra en la entidad compartiendo su t\u00e9cnica y talento.<\/p>\n<p>\u201cMe parece muy buena esta iniciativa del Gobierno del Estado, porque durante esta temporada los pescadores no tienen opciones para ganarse el sustento y este festival brinda nuevas oportunidades\u201d, expresa el artista.<\/p>\n<p>De esta manera, los hombres y mujeres de mar aprenden cosas diversas y exploran nuevas posibilidades de sustento, como la creaci\u00f3n de esculturas de arena.<\/p>\n<p>\u201cTal vez, en un futuro no muy lejano, las personas puedan utilizar lo que yo les ense\u00f1e para mejorar su econom\u00eda. La idea es motivar a la gente, que se anime y vea que de un material, que es noble y que tienen en su h\u00e1bitat, ellos pueden comenzar a crear sus propias obras. Si me preguntan que si se puede vivir de esto, yo digo que s\u00ed, cuando lo haces bien, el resultado viene despu\u00e9s\u201d, indica.<\/p>\n<p>\u201cMi hija colabora conmigo en esta actividad desde los 8 a\u00f1os, me ayuda, me apoya y me va siguiendo el ritmo, est\u00e1 estudiando arte y ahora me est\u00e1 apoyando en Telchac\u201d, explica.<\/p>\n<p>La muestra de Calixto es representativa de Yucat\u00e1n, con obras de un metro. Tambi\u00e9n elabor\u00f3 al protagonista de una serie de dibujos animados infantil y m\u00e1scaras gigantes, las cuales miden aproximadamente metro y medio.<\/p>\n<p>Adem\u00e1s, esculpir\u00e1 un arrecife decorado con conchas marinas que diga \u201cFestival de la Veda\u201d y culminar\u00e1 el taller con el levantamiento de un castillo elaborado entre todos los asistentes al curso. Calixto impartir\u00e1 el taller ma\u00f1ana, domingo, de 9 de la ma\u00f1ana a 12 del d\u00eda, dirigido a personas de todas las edades.<\/p>\n<p>\u201cAqu\u00ed utilizaremos esp\u00e1tulas, estiques de madera, flejes de metal y una peque\u00f1a brocha para ir limpiando el residuo que va quedando. Se requiere mucha imaginaci\u00f3n, creatividad y paciencia\u201d, detalla el artista, quien ha estado en numerosos festivales internacionales representando a M\u00e9xico. La exposici\u00f3n de Calixto podr\u00e1 admirarse hoy y ma\u00f1ana en Telchac Puerto.<\/p>\n<p>Desde temprana hora de este s\u00e1bado, familias de diversos puntos del estado, incluso del pa\u00eds, abarrotan las playas y restaurantes de Telchac Puerto, donde disfrutan de un ambiente ideal para la sana convivencia y conocer las maravillas naturales que este sitio alberga.<\/p>\n<p>Lizzie Dom\u00ednguez Mendoza, quien lleg\u00f3 desde Tizim\u00edn, decidi\u00f3 aprovechar el Festival de la Veda en esta zona de la costa y junto con su hija disfrutar de un s\u00e1bado familiar frente al mar, adem\u00e1s de aprovechar las actividades que se realizan.<\/p>\n<p>\u00abMe parece magn\u00edfico, porque es algo que nunca antes se hab\u00eda visto y que se vuelve un buen atractivo para el turismo, con tantas actividades para ni\u00f1os y adultos. Adem\u00e1s, es un apoyo excelente a los puertos y espero que el Gobierno del Estado contin\u00fae con acciones de este tipo porque resultan de gran ayuda para las poblaciones costeras\u00bb, opina.<\/p>\n<p>Por su parte, Wendy Lozano Castillo aprovecha el fin de semana para invitar a sus pap\u00e1s e hijo de 6 a\u00f1os de edad a pasar un d\u00eda en la playa, lo que se complementa con los eventos y talleres que en Telchac Puerto se ofrecen.<\/p>\n<p>\u00abMe parece muy padre que hagan este tipo de eventos porque es algo innovador, ya que hay actividades nuevas como la exposici\u00f3n de esculturas de arena y otras para todas las edades\u00bb, afirma la vecina de Motul.<\/p>\n<p>En ese sentido, resalta que con el Festival de la Veda se atrae a m\u00e1s gente a los municipios de la costa y a la vez da una alternativa para las personas de las localidades aleda\u00f1as, ya que no tienen que irse muy lejos en busca de espacios de recreaci\u00f3n.<\/p>\n<p>\u00abEs muy bueno todo lo que veo que est\u00e1n haciendo y me da gusto que el Gobernador est\u00e9 haciendo este tipo de promociones, porque as\u00ed el turismo viene a nuestras playas, les da m\u00e1s difusi\u00f3n y los que vivimos cerca podemos venir a disfrutar de estos eventos que, adem\u00e1s, son gratuitos\u00bb, se\u00f1ala.<\/p>\n<p>Este puerto ofrece un sinf\u00edn de eventos para visitantes de todas las edades, as\u00ed como talleres, exposiciones artesanales y de cocineras tradicionales. Tambi\u00e9n hay paseos en lancha, m\u00fasica en vivo, presentaciones de danza, as\u00ed como concursos que promueven el cuidado del medio ambiente, as\u00ed como el uso de la creatividad.<\/p>\n<p>En Dzilam de Bravo, este domingo, los turistas podr\u00e1n participar en la limpieza de playas, la rodada de \u201cbiker\u201d, talleres para los ni\u00f1os, presentaciones musicales, as\u00ed como de una funci\u00f3n de cine, bazar de artesan\u00edas y muestra gastron\u00f3mica.<\/p>\n<p>Adem\u00e1s, cuenta con espacios para la observaci\u00f3n de aves, el ecoturismo, campamento en la playa, paseos a la reserva ecol\u00f3gica estatal y recorridos por el cenote \u201cElepet\u00e9n\u201d.<\/p>\n<p>El Festival de la Veda contin\u00faa todo este mes, concluye el 31 de marzo, tiempo en el que promover\u00e1 la llegada de m\u00e1s turistas a la regi\u00f3n costera de Yucat\u00e1n, a fin de reactivar la econom\u00eda de estas comunidades y respaldar a las familias de dependen de la captura del mero, en veda en este per\u00edodo. (Comunicado de Prensa)<\/p>\n","protected":false},"excerpt":{"rendered":"<p>Telchac Puerto, Yucat\u00e1n, 9 de marzo de 2019.- Como resultado de las atractivas promociones y actividades que se realizan en la costa yucateca dentro del Festival de la Veda, restauranteros,<\/p>\n","protected":false},"author":1,"featured_media":71119,"comment_status":"open","ping_status":"open","sticky":false,"template":"","format":"standard","meta":{"jetpack_post_was_ever_published":false,"_jetpack_newsletter_access":"","_jetpack_dont_email_post_to_subs":false,"_jetpack_newsletter_tier_id":0,"_jetpack_memberships_contains_paywalled_content":false,"_jetpack_memberships_contains_paid_content":false,"footnotes":"","jetpack_publicize_message":"","jetpack_publicize_feature_enabled":true,"jetpack_social_post_already_shared":true,"jetpack_social_options":{"image_generator_settings":{"template":"highway","default_image_id":0,"font":"","enabled":false},"version":2}},"categories":[17],"tags":[],"class_list":["post-71118","post","type-post","status-publish","format-standard","has-post-thumbnail","hentry","category-politica-y-gobierno"],"jetpack_publicize_connections":[],"jetpack_featured_media_url":"https:\/\/formalprision.com\/wp-content\/uploads\/2019\/03\/IMG_3298.jpg","jetpack_sharing_enabled":true,"jetpack_shortlink":"https:\/\/wp.me\/p6id8p-iv4","_links":{"self":[{"href":"https:\/\/formalprision.com\/index.php?rest_route=\/wp\/v2\/posts\/71118","targetHints":{"allow":["GET"]}}],"collection":[{"href":"https:\/\/formalprision.com\/index.php?rest_route=\/wp\/v2\/posts"}],"about":[{"href":"https:\/\/formalprision.com\/index.php?rest_route=\/wp\/v2\/types\/post"}],"author":[{"embeddable":true,"href":"https:\/\/formalprision.com\/index.php?rest_route=\/wp\/v2\/users\/1"}],"replies":[{"embeddable":true,"href":"https:\/\/formalprision.com\/index.php?rest_route=%2Fwp%2Fv2%2Fcomments&post=71118"}],"version-history":[{"count":0,"href":"https:\/\/formalprision.com\/index.php?rest_route=\/wp\/v2\/posts\/71118\/revisions"}],"wp:featuredmedia":[{"embeddable":true,"href":"https:\/\/formalprision.com\/index.php?rest_route=\/wp\/v2\/media\/71119"}],"wp:attachment":[{"href":"https:\/\/formalprision.com\/index.php?rest_route=%2Fwp%2Fv2%2Fmedia&parent=71118"}],"wp:term":[{"taxonomy":"category","embeddable":true,"href":"https:\/\/formalprision.com\/index.php?rest_route=%2Fwp%2Fv2%2Fcategories&post=71118"},{"taxonomy":"post_tag","embeddable":true,"href":"https:\/\/formalprision.com\/index.php?rest_route=%2Fwp%2Fv2%2Ftags&post=71118"}],"curies":[{"name":"wp","href":"https:\/\/api.w.org\/{rel}","templated":true}]}}