{"id":71127,"date":"2019-03-11T08:17:10","date_gmt":"2019-03-11T13:17:10","guid":{"rendered":"http:\/\/formalprision.com\/?p=71127"},"modified":"2019-03-11T08:17:10","modified_gmt":"2019-03-11T13:17:10","slug":"yucatan-invitado-de-honor-al-festival-del-cultural-roberto-cantoral","status":"publish","type":"post","link":"https:\/\/formalprision.com\/?p=71127","title":{"rendered":"Yucat\u00e1n, invitado de honor al Festival del Cultural Roberto Cantoral"},"content":{"rendered":"<p>M\u00e9rida, Yucat\u00e1n, 10 de marzo de 2019.- Yucat\u00e1n se convertir\u00e1 en el primer estado invitado de honor en participar en el Festival Art\u00edstico de Oto\u00f1o del Centro Cultura Roberto Cantoral, de la Ciudad de M\u00e9xico, cuya octava edici\u00f3n se celebrar\u00e1 de octubre a diciembre de este a\u00f1o y resaltar\u00e1 la m\u00fasica, la cultura y la gastronom\u00eda de la entidad.<\/p>\n<p>El Gobernador Mauricio Vila Dosal recibi\u00f3 este d\u00eda la visita del maestro Armando Manzanero, presidente de la Sociedad de Autores y Compositores de M\u00e9xico (SACM); del director general, Roberto Cantoral Zucchi; y del vicepresidente Ejecutivo de esta agrupaci\u00f3n, maestro Mart\u00edn Urieta, quienes le informaron que la entidad fue elegida para mostrar su riqueza musical y cultural y deleitar al p\u00fablico de la capital del pa\u00eds.<\/p>\n<p>Durante el encuentro, el creador de melod\u00edas como \u201cSomos novios\u201d y \u201cEsta tarde vi llover\u201d se\u00f1al\u00f3 que la participaci\u00f3n de Yucat\u00e1n en esta edici\u00f3n tiene un significado muy especial para \u00e9l, pues en 2019 cumple 85 a\u00f1os de edad y \u201cuna de las mejores formas de celebrarlo es de contar con el talento musical de la entidad\u201d.<\/p>\n<p>Acompa\u00f1ado de Mar\u00eda Fritz Sierra, titular de la Secretar\u00eda General de Gobierno (SGG), y de Pablo Isaac Ses\u00edn, delegado estatal de la SACM, el mandatario destac\u00f3 la importancia de este evento para seguir promoviendo al estado y dar muestra de la capacidad y talento creativo de los yucatecos, sobre todo en el \u00e1mbito musical, con lo que reafirm\u00f3 la disposici\u00f3n de participar.<\/p>\n<p>Desde el inicio de su administraci\u00f3n, Vila Dosal ha impulsado diversas actividades en materia cultural, entre las que destacan los Festivales Cultural de Oto\u00f1o y Cervantino en Yucat\u00e1n, que llev\u00f3 a diferentes puntos de la geograf\u00eda estatal diversas manifestaciones art\u00edsticas; as\u00ed como el Internacional de la Trova. La descentralizaci\u00f3n cultural es uno de los compromisos del Gobernador Vila con los yucatecos.<\/p>\n<p>En lo que toca al Festival Art\u00edstico de Oto\u00f1o 2019, se espera la participaci\u00f3n de la Orquesta T\u00edpica Yukalpet\u00e9n (OTY), la Orquesta Sinf\u00f3nica de Yucat\u00e1n (OSY), grupos musicales como Los Juglares, el Ballet Folcl\u00f3rico del Estado, entre otras agrupaciones art\u00edsticas, as\u00ed como una muestra gastron\u00f3mica y artesanal. En el marco de este evento se realizar\u00e1n las Jornadas del Instituto Nacional de Bellas Artes INBA-SACM, en su aniversario 10, con la participaci\u00f3n de 100 artistas entre compositores e int\u00e9rpretes.<\/p>\n<p>De igual forma, se entregar\u00e1 la medalla Luis Sandi al M\u00e9rito Coral, que ya recibi\u00f3 el fallecido maestro yucateco Jorge Medina Leal, y el de Concurso de Composici\u00f3n \u201cArturo M\u00e1rquez\u201d para Orquesta de C\u00e1mara, que ha ganado dos veces del compositor yucateco Arturo Flores.<\/p>\n<p>Seg\u00fan el programa, la apertura del Festival ser\u00e1 con el espect\u00e1culo Serenata, de Arturo Chac\u00f3n con la OSY. El cierre estar\u00e1 a cargo del maestro Armando Manzanero y la OTY en concierto. Ambas presentaciones en fechas por definir.<\/p>\n<p>El Centro Cultura Roberto Cantoral es un espacio que se fund\u00f3 en 2012 y hasta la fecha se han presentado m\u00e1s de 5,000 artistas de diversos g\u00e9neros, desde la m\u00fasica popular, la tradicional hasta la de concierto.<\/p>\n<p>Al hacer uso de la palabra, los promotores culturales Sa\u00fal Ju\u00e1rez Vega y Patricia Pineda Rodr\u00edguez destacaron la calidad y el talento de los creadores musicales yucatecos, que se combina con su amplia riqueza gastron\u00f3mica y vasta tradici\u00f3n en todos los temas de car\u00e1cter cultural.<\/p>\n","protected":false},"excerpt":{"rendered":"<p>M\u00e9rida, Yucat\u00e1n, 10 de marzo de 2019.- Yucat\u00e1n se convertir\u00e1 en el primer estado invitado de honor en participar en el Festival Art\u00edstico de Oto\u00f1o del Centro Cultura Roberto Cantoral,<\/p>\n","protected":false},"author":1,"featured_media":71128,"comment_status":"open","ping_status":"open","sticky":false,"template":"","format":"standard","meta":{"jetpack_post_was_ever_published":false,"_jetpack_newsletter_access":"","_jetpack_dont_email_post_to_subs":false,"_jetpack_newsletter_tier_id":0,"_jetpack_memberships_contains_paywalled_content":false,"_jetpack_memberships_contains_paid_content":false,"footnotes":"","jetpack_publicize_message":"","jetpack_publicize_feature_enabled":true,"jetpack_social_post_already_shared":true,"jetpack_social_options":{"image_generator_settings":{"template":"highway","default_image_id":0,"font":"","enabled":false},"version":2}},"categories":[17],"tags":[],"class_list":["post-71127","post","type-post","status-publish","format-standard","has-post-thumbnail","hentry","category-politica-y-gobierno"],"jetpack_publicize_connections":[],"jetpack_featured_media_url":"https:\/\/formalprision.com\/wp-content\/uploads\/2019\/03\/IMG_3304.jpg","jetpack_sharing_enabled":true,"jetpack_shortlink":"https:\/\/wp.me\/p6id8p-ivd","_links":{"self":[{"href":"https:\/\/formalprision.com\/index.php?rest_route=\/wp\/v2\/posts\/71127","targetHints":{"allow":["GET"]}}],"collection":[{"href":"https:\/\/formalprision.com\/index.php?rest_route=\/wp\/v2\/posts"}],"about":[{"href":"https:\/\/formalprision.com\/index.php?rest_route=\/wp\/v2\/types\/post"}],"author":[{"embeddable":true,"href":"https:\/\/formalprision.com\/index.php?rest_route=\/wp\/v2\/users\/1"}],"replies":[{"embeddable":true,"href":"https:\/\/formalprision.com\/index.php?rest_route=%2Fwp%2Fv2%2Fcomments&post=71127"}],"version-history":[{"count":0,"href":"https:\/\/formalprision.com\/index.php?rest_route=\/wp\/v2\/posts\/71127\/revisions"}],"wp:featuredmedia":[{"embeddable":true,"href":"https:\/\/formalprision.com\/index.php?rest_route=\/wp\/v2\/media\/71128"}],"wp:attachment":[{"href":"https:\/\/formalprision.com\/index.php?rest_route=%2Fwp%2Fv2%2Fmedia&parent=71127"}],"wp:term":[{"taxonomy":"category","embeddable":true,"href":"https:\/\/formalprision.com\/index.php?rest_route=%2Fwp%2Fv2%2Fcategories&post=71127"},{"taxonomy":"post_tag","embeddable":true,"href":"https:\/\/formalprision.com\/index.php?rest_route=%2Fwp%2Fv2%2Ftags&post=71127"}],"curies":[{"name":"wp","href":"https:\/\/api.w.org\/{rel}","templated":true}]}}