{"id":7120,"date":"2012-03-27T21:53:00","date_gmt":"2012-03-27T21:53:00","guid":{"rendered":"http:\/\/formalprision.info\/2012\/03\/27\/tierrero-detenido-por-desnudarse-frente\/"},"modified":"2015-06-03T08:52:49","modified_gmt":"2015-06-03T08:52:49","slug":"tierrero-detenido-por-desnudarse-frente","status":"publish","type":"post","link":"https:\/\/formalprision.com\/?p=7120","title":{"rendered":"Tierrero detenido por desnudarse frente a una ni\u00f1a"},"content":{"rendered":"<p><a href=\"http:\/\/3.bp.blogspot.com\/-Giv6Bk7AR4Y\/T3I_dtasphI\/AAAAAAAAGa4\/xv1WK6giMdU\/s1600\/aatierreros.JPG\"><img decoding=\"async\" id=\"BLOGGER_PHOTO_ID_5724707855981651474\" style=\"FLOAT: left; MARGIN: 0px 10px 10px 0px; WIDTH: 320px; CURSOR: hand; HEIGHT: 240px\" alt=\"\" src=\"http:\/\/formalprision.com\/wp-content\/uploads\/2012\/03\/aatierreros.jpg\" border=\"0\" \/><\/a><\/p>\n<div>Agentes de la Polic\u00eda Municipal de Kanas\u00edn detuvieron al tierrero Gilberto Uicab Chan (a) \u201cNegro\u201d por exhibirse desnudo ante una menor de edad.<br \/>El sujeto forma parte de la banda de Los Chanes, cuyos integrantes se dedican al comercio de tierra en carretas.<br \/>En su declaraci\u00f3n ante el Juzgado S\u00e9ptimo Penal, el detenido neg\u00f3 los hechos, aunque dijo que no recordaba lo sucedido, pues llevaba 15 d\u00edas tomando. .<br \/>Est\u00e1 acusado de ultrajes a la moral p\u00fablica y las buenas costumbres, delito no considerado grave lo que le permite derecho a fianza.<br \/>Lo denunci\u00f3 S.I.C.S., madre de la menor N.D.C., de 14 a\u00f1os de edad.<br \/>La menor se dirig\u00eda a su escuela a las 6 de la ma\u00f1ana y mientras esperaba un cami\u00f3n, pas\u00f3 el tierrero, quien se despoj\u00f3 de su pantal\u00f3n y se exhibi\u00f3 ante la adolescente.<br \/>Sin embargo, la jovencita acudi\u00f3 a pedir auxilio a polic\u00edas municipales, quienes detuvieron al exhibicionista cuandos e daba a la fuga.<\/div>\n","protected":false},"excerpt":{"rendered":"<p>Agentes de la Polic\u00eda Municipal de Kanas\u00edn detuvieron al tierrero Gilberto Uicab Chan (a) \u201cNegro\u201d por exhibirse desnudo ante una menor de edad.El sujeto forma parte de la banda de<\/p>\n","protected":false},"author":1,"featured_media":24337,"comment_status":"open","ping_status":"open","sticky":false,"template":"","format":"standard","meta":{"jetpack_post_was_ever_published":false,"_jetpack_newsletter_access":"","_jetpack_dont_email_post_to_subs":false,"_jetpack_newsletter_tier_id":0,"_jetpack_memberships_contains_paywalled_content":false,"_jetpack_memberships_contains_paid_content":false,"footnotes":"","jetpack_publicize_message":"","jetpack_publicize_feature_enabled":true,"jetpack_social_post_already_shared":false,"jetpack_social_options":{"image_generator_settings":{"template":"highway","default_image_id":0,"font":"","enabled":false},"version":2}},"categories":[3,1,55,53],"tags":[],"class_list":["post-7120","post","type-post","status-publish","format-standard","has-post-thumbnail","hentry","category-portada","category-sin-categoria","category-violines","category-yo-no-fui"],"jetpack_publicize_connections":[],"jetpack_featured_media_url":"https:\/\/formalprision.com\/wp-content\/uploads\/2012\/03\/aatierreros.jpg","jetpack_sharing_enabled":true,"jetpack_shortlink":"https:\/\/wp.me\/p6id8p-1QQ","_links":{"self":[{"href":"https:\/\/formalprision.com\/index.php?rest_route=\/wp\/v2\/posts\/7120","targetHints":{"allow":["GET"]}}],"collection":[{"href":"https:\/\/formalprision.com\/index.php?rest_route=\/wp\/v2\/posts"}],"about":[{"href":"https:\/\/formalprision.com\/index.php?rest_route=\/wp\/v2\/types\/post"}],"author":[{"embeddable":true,"href":"https:\/\/formalprision.com\/index.php?rest_route=\/wp\/v2\/users\/1"}],"replies":[{"embeddable":true,"href":"https:\/\/formalprision.com\/index.php?rest_route=%2Fwp%2Fv2%2Fcomments&post=7120"}],"version-history":[{"count":0,"href":"https:\/\/formalprision.com\/index.php?rest_route=\/wp\/v2\/posts\/7120\/revisions"}],"wp:featuredmedia":[{"embeddable":true,"href":"https:\/\/formalprision.com\/index.php?rest_route=\/wp\/v2\/media\/24337"}],"wp:attachment":[{"href":"https:\/\/formalprision.com\/index.php?rest_route=%2Fwp%2Fv2%2Fmedia&parent=7120"}],"wp:term":[{"taxonomy":"category","embeddable":true,"href":"https:\/\/formalprision.com\/index.php?rest_route=%2Fwp%2Fv2%2Fcategories&post=7120"},{"taxonomy":"post_tag","embeddable":true,"href":"https:\/\/formalprision.com\/index.php?rest_route=%2Fwp%2Fv2%2Ftags&post=7120"}],"curies":[{"name":"wp","href":"https:\/\/api.w.org\/{rel}","templated":true}]}}