{"id":7122,"date":"2012-03-27T08:29:00","date_gmt":"2012-03-27T08:29:00","guid":{"rendered":"http:\/\/formalprision.info\/2012\/03\/27\/arraigado-sexoservidor-por-homicidio-de\/"},"modified":"2015-06-03T08:52:49","modified_gmt":"2015-06-03T08:52:49","slug":"arraigado-sexoservidor-por-homicidio-de","status":"publish","type":"post","link":"https:\/\/formalprision.com\/?p=7122","title":{"rendered":"Arraigado sexoservidor por homicidio de la Av Col\u00f3n"},"content":{"rendered":"<p><a href=\"http:\/\/1.bp.blogspot.com\/-iL3n7aAJ2p0\/T3F8Jh1DD-I\/AAAAAAAAGas\/p5eJt478qiA\/s1600\/aaajoseesteban.jpg\"><img decoding=\"async\" id=\"BLOGGER_PHOTO_ID_5724493104506146786\" style=\"FLOAT: left; MARGIN: 0px 10px 10px 0px; WIDTH: 320px; CURSOR: hand; HEIGHT: 213px\" alt=\"\" src=\"http:\/\/formalprision.com\/wp-content\/uploads\/2012\/03\/aaajoseesteban.jpg\" border=\"0\" \/><\/a><\/p>\n<div>Polic\u00edas de la SSP y de la Fiscal\u00eda detuvieron al presunto homicida de Jos\u00e9 Carlos Mart\u00ednez Salazar, ultimado en su casa de la avenida Col\u00f3n.<\/div>\n<p><\/p>\n<div>El detenido es Jos\u00e9 Esteban Che Pech, de 19 a\u00f1os de edad, natural de Cacalch\u00e9n y vecino de Kanas\u00edn, quien fue arraigado por este crimen.<\/div>\n<p><\/p>\n<div>Los agentes investigadores elaboraron un retrato hablado del presunto homicida poco despu\u00e9s del crimen, ya que antes del homicidio acudi\u00f3 a comprar a una tienda cercana con el que ser\u00eda su v\u00edctima posterior, por lo que empleados del negocio pudieron aportar datos valiosos..<\/div>\n<p><\/p>\n<div>El acusado fue detenido en la calle 60 por 45 del Centro de M\u00e9rida.<br \/>El m\u00f3vil fue una discusi\u00f3n de tipo sexual, que deriv\u00f3 en un pleito y la posterior golpiza del jovencito al ahora occiso, quien muri\u00f3 al ahogarse con la sangre que le produjeron los golpes.<\/div>\n<p><\/p>\n<div><\/div>\n","protected":false},"excerpt":{"rendered":"<p>Polic\u00edas de la SSP y de la Fiscal\u00eda detuvieron al presunto homicida de Jos\u00e9 Carlos Mart\u00ednez Salazar, ultimado en su casa de la avenida Col\u00f3n. El detenido es Jos\u00e9 Esteban<\/p>\n","protected":false},"author":1,"featured_media":24341,"comment_status":"open","ping_status":"open","sticky":false,"template":"","format":"standard","meta":{"jetpack_post_was_ever_published":false,"_jetpack_newsletter_access":"","_jetpack_dont_email_post_to_subs":false,"_jetpack_newsletter_tier_id":0,"_jetpack_memberships_contains_paywalled_content":false,"_jetpack_memberships_contains_paid_content":false,"footnotes":"","jetpack_publicize_message":"","jetpack_publicize_feature_enabled":true,"jetpack_social_post_already_shared":false,"jetpack_social_options":{"image_generator_settings":{"template":"highway","default_image_id":0,"font":"","enabled":false},"version":2}},"categories":[59,3,1],"tags":[],"class_list":["post-7122","post","type-post","status-publish","format-standard","has-post-thumbnail","hentry","category-asesinos","category-portada","category-sin-categoria"],"jetpack_publicize_connections":[],"jetpack_featured_media_url":"https:\/\/formalprision.com\/wp-content\/uploads\/2012\/03\/aaajoseesteban.jpg","jetpack_sharing_enabled":true,"jetpack_shortlink":"https:\/\/wp.me\/p6id8p-1QS","_links":{"self":[{"href":"https:\/\/formalprision.com\/index.php?rest_route=\/wp\/v2\/posts\/7122","targetHints":{"allow":["GET"]}}],"collection":[{"href":"https:\/\/formalprision.com\/index.php?rest_route=\/wp\/v2\/posts"}],"about":[{"href":"https:\/\/formalprision.com\/index.php?rest_route=\/wp\/v2\/types\/post"}],"author":[{"embeddable":true,"href":"https:\/\/formalprision.com\/index.php?rest_route=\/wp\/v2\/users\/1"}],"replies":[{"embeddable":true,"href":"https:\/\/formalprision.com\/index.php?rest_route=%2Fwp%2Fv2%2Fcomments&post=7122"}],"version-history":[{"count":0,"href":"https:\/\/formalprision.com\/index.php?rest_route=\/wp\/v2\/posts\/7122\/revisions"}],"wp:featuredmedia":[{"embeddable":true,"href":"https:\/\/formalprision.com\/index.php?rest_route=\/wp\/v2\/media\/24341"}],"wp:attachment":[{"href":"https:\/\/formalprision.com\/index.php?rest_route=%2Fwp%2Fv2%2Fmedia&parent=7122"}],"wp:term":[{"taxonomy":"category","embeddable":true,"href":"https:\/\/formalprision.com\/index.php?rest_route=%2Fwp%2Fv2%2Fcategories&post=7122"},{"taxonomy":"post_tag","embeddable":true,"href":"https:\/\/formalprision.com\/index.php?rest_route=%2Fwp%2Fv2%2Ftags&post=7122"}],"curies":[{"name":"wp","href":"https:\/\/api.w.org\/{rel}","templated":true}]}}