{"id":7137,"date":"2012-03-23T14:24:00","date_gmt":"2012-03-23T14:24:00","guid":{"rendered":"http:\/\/formalprision.info\/2012\/03\/23\/aprenden-policias-ministeriales\/"},"modified":"2015-06-03T08:52:52","modified_gmt":"2015-06-03T08:52:52","slug":"aprenden-policias-ministeriales","status":"publish","type":"post","link":"https:\/\/formalprision.com\/?p=7137","title":{"rendered":"Aprenden polic\u00edas ministeriales yucatecos a detectar veh\u00edculos robados"},"content":{"rendered":"<p><a href=\"http:\/\/2.bp.blogspot.com\/-ZYKVxfwEVJk\/T2werKivUpI\/AAAAAAAAGYE\/abWIJ-sg3Gw\/s1600\/aaaadeseljudasdeseljudas.jpg\"><img decoding=\"async\" id=\"BLOGGER_PHOTO_ID_5722982953394328210\" style=\"FLOAT: left; MARGIN: 0px 10px 10px 0px; WIDTH: 320px; CURSOR: hand; HEIGHT: 213px\" alt=\"\" src=\"http:\/\/formalprision.com\/wp-content\/uploads\/2012\/03\/aaaadeseljudasdeseljudas.jpg\" border=\"0\" \/><\/a><\/p>\n<div>Con el fin de mejorar los procesos para combatir el robo de veh\u00edculos, personal de la Fiscal\u00eda General del Estado, adscrito al \u00e1rea de Periciales y de la Polic\u00eda Ministerial, inici\u00f3 el curso denominado \u201cDetecci\u00f3n de los Medios F\u00edsicos de Veh\u00edculos Automotores Robados\u201d impartido en colaboraci\u00f3n con la Oficina Coordinadora de Riesgos Asegurados (OCRA).<br \/>La instrucci\u00f3n est\u00e1 a cargo del Mtro. Jos\u00e9 Luis Ochoa L\u00f3pez, Perito en Identificaci\u00f3n Vehicular de la empresa OCRA, la cual se dedica a coordinar las acciones relativas a localizaci\u00f3n, identificaci\u00f3n y recuperaci\u00f3n de veh\u00edculos robados del sector asegurador, a efecto de reducir las p\u00e9rdidas en su patrimonio.<br \/>La inauguraci\u00f3n estuvo a cargo del Lic. Marco Antonio Calder\u00f3n Patr\u00f3n, Director de la Polic\u00eda Ministerial Investigadora, quien en representaci\u00f3n del Fiscal General del Estado, Lic. H\u00e9ctor Cabrera Rivero, agradeci\u00f3 el inter\u00e9s de OCRA para capacitar al personal de esta instituci\u00f3n, ya que los conocimientos adquiridos permiten mantenerse a la vanguardia en materia de identificaci\u00f3n de veh\u00edculos y, al mismo tiempo, combatir un delito de suma importancia como lo es el robo de automotores.<br \/>Por su parte, Licda. Dania de los Santos Hechem, Gerente Regional de OCRA Sureste, reconoci\u00f3 que con esta capacitaci\u00f3n se demuestra la voluntad que actualmente existe en Yucat\u00e1n para adoptar medidas tendientes a establecer una nueva cultura de seguridad en el Estado, ya que a trav\u00e9s ella se refuerzan y mejoran los procesos para combatir el robo de veh\u00edculos que hoy en d\u00eda tiene un gran impacto social en todo el pa\u00eds.<br \/>La instrucci\u00f3n est\u00e1 dirigida a 25 elementos de la Fiscal\u00eda, entre Peritos Criminalistas y Polic\u00edas Ministeriales, en la que se abordan temas como la localizaci\u00f3n, identificaci\u00f3n y recuperaci\u00f3n de veh\u00edculos robados y el manejo del sistema OCRA virtual, que es la base de datos a nivel nacional e internacional de unidades con reporte de robo, propiedad del sector asegurador.<br \/>En la mesa del pres\u00eddium tambi\u00e9n estuvieron presentes el Lic. Jaime Alfredo Fraga Vargas, Subdirector Nacional de Recuperaci\u00f3n de Veh\u00edculos de Grupo Nacional Provincial SAB (GNP), el C. Carlos Fernando Ruiz Card\u00edn, Director de Servicios Periciales, y el Lic. Fernando Kant\u00fan Gamboa, Coordinador de Recuperaci\u00f3n de Veh\u00edculos GNP.<br \/>Con una duraci\u00f3n de 24 horas, se espera que el personal de esta instituci\u00f3n concluya su capacitaci\u00f3n el pr\u00f3ximo s\u00e1bado 24 de marzo. (Comunicado Oficial)<\/div>\n","protected":false},"excerpt":{"rendered":"<p>Con el fin de mejorar los procesos para combatir el robo de veh\u00edculos, personal de la Fiscal\u00eda General del Estado, adscrito al \u00e1rea de Periciales y de la Polic\u00eda Ministerial,<\/p>\n","protected":false},"author":1,"featured_media":24371,"comment_status":"open","ping_status":"open","sticky":false,"template":"","format":"standard","meta":{"jetpack_post_was_ever_published":false,"_jetpack_newsletter_access":"","_jetpack_dont_email_post_to_subs":false,"_jetpack_newsletter_tier_id":0,"_jetpack_memberships_contains_paywalled_content":false,"_jetpack_memberships_contains_paid_content":false,"footnotes":"","jetpack_publicize_message":"","jetpack_publicize_feature_enabled":true,"jetpack_social_post_already_shared":false,"jetpack_social_options":{"image_generator_settings":{"template":"highway","default_image_id":0,"font":"","enabled":false},"version":2}},"categories":[3,1,49],"tags":[],"class_list":["post-7137","post","type-post","status-publish","format-standard","has-post-thumbnail","hentry","category-portada","category-sin-categoria","category-tocho-morocho"],"jetpack_publicize_connections":[],"jetpack_featured_media_url":"https:\/\/formalprision.com\/wp-content\/uploads\/2012\/03\/aaaadeseljudasdeseljudas.jpg","jetpack_sharing_enabled":true,"jetpack_shortlink":"https:\/\/wp.me\/p6id8p-1R7","_links":{"self":[{"href":"https:\/\/formalprision.com\/index.php?rest_route=\/wp\/v2\/posts\/7137","targetHints":{"allow":["GET"]}}],"collection":[{"href":"https:\/\/formalprision.com\/index.php?rest_route=\/wp\/v2\/posts"}],"about":[{"href":"https:\/\/formalprision.com\/index.php?rest_route=\/wp\/v2\/types\/post"}],"author":[{"embeddable":true,"href":"https:\/\/formalprision.com\/index.php?rest_route=\/wp\/v2\/users\/1"}],"replies":[{"embeddable":true,"href":"https:\/\/formalprision.com\/index.php?rest_route=%2Fwp%2Fv2%2Fcomments&post=7137"}],"version-history":[{"count":0,"href":"https:\/\/formalprision.com\/index.php?rest_route=\/wp\/v2\/posts\/7137\/revisions"}],"wp:featuredmedia":[{"embeddable":true,"href":"https:\/\/formalprision.com\/index.php?rest_route=\/wp\/v2\/media\/24371"}],"wp:attachment":[{"href":"https:\/\/formalprision.com\/index.php?rest_route=%2Fwp%2Fv2%2Fmedia&parent=7137"}],"wp:term":[{"taxonomy":"category","embeddable":true,"href":"https:\/\/formalprision.com\/index.php?rest_route=%2Fwp%2Fv2%2Fcategories&post=7137"},{"taxonomy":"post_tag","embeddable":true,"href":"https:\/\/formalprision.com\/index.php?rest_route=%2Fwp%2Fv2%2Ftags&post=7137"}],"curies":[{"name":"wp","href":"https:\/\/api.w.org\/{rel}","templated":true}]}}