{"id":7139,"date":"2012-03-23T01:06:00","date_gmt":"2012-03-23T01:06:00","guid":{"rendered":"http:\/\/formalprision.info\/2012\/03\/23\/homicida-dice-que-mato-sin-querer-y\/"},"modified":"2015-06-03T08:52:52","modified_gmt":"2015-06-03T08:52:52","slug":"homicida-dice-que-mato-sin-querer-y","status":"publish","type":"post","link":"https:\/\/formalprision.com\/?p=7139","title":{"rendered":"Homicida dice que mat\u00f3 sin querer y culpa al muerto de lo sucedido"},"content":{"rendered":"<p><a href=\"http:\/\/4.bp.blogspot.com\/-6ySWgVGPMZo\/T2vORpwogAI\/AAAAAAAAGXU\/ennhI-YpI2g\/s1600\/aaaaasesinos.jpg\"><img decoding=\"async\" id=\"BLOGGER_PHOTO_ID_5722894554167279618\" style=\"FLOAT: left; MARGIN: 0px 10px 10px 0px; WIDTH: 320px; CURSOR: hand; HEIGHT: 240px\" alt=\"\" src=\"http:\/\/formalprision.com\/wp-content\/uploads\/2012\/03\/aaaaasesinos.jpg\" border=\"0\" \/><\/a><\/p>\n<p><\/p>\n<div>Al rendir hoy su declaraci\u00f3n preparatoria, Carlos Yusef Marrufo Salas, acusado de asesinar a su t\u00edo pol\u00edtico, dijo que solo se defendi\u00f3 de la agresi\u00f3n de la que era objeto y que \u201csin querer\u201d ultim\u00f3 a su pariente.<br \/>El presunto homicida, apodado \u201cRobot\u201d, asegur\u00f3 que la v\u00edctima, su t\u00edo, Enrique Mirlos Rodr\u00edguez, le peg\u00f3 y al retroceder tom\u00f3 un objeto para defenderse sin darse cuenta que lo que agarr\u00f3 era un cuchillo.<br \/>Marrufo Salas compareci\u00f3 ante el Juzgado Segundo Penal acusado de homicidio calificado y dijo que viv\u00eda con su esposa Dora Marlene Canul Mirlos en la casa de la abuela de la joven, en la colonia San Jos\u00e9 Vergel, donde tambi\u00e9n viv\u00eda su t\u00edo pol\u00edtico.<br \/>Indic\u00f3 que desde hace varios meses comenz\u00f3 a tener diferencias con su esposa y en sus discusiones interven\u00edan sus parientes pol\u00edticos para defenderla y reclamarle a \u00e9l.<br \/>Dijo que su t\u00edo pol\u00edtico interven\u00eda en las discusiones y en varias ocasiones le peg\u00f3.<br \/>El d\u00eda de la tragedia discuti\u00f3 de nuevo con su mujer e intervino el ahora occiso, quien, seg\u00fan el acusado, lo agredi\u00f3 en el patio de la casa y para defenderse tom\u00f3 el cuchillo y le lanz\u00f3 un tajo, hiriendo de muerte a su pariente.<br \/>Sin embargo, reiter\u00f3 que no quiso matarlo, pero al ver lo que hab\u00eda hecho mejor se dio a la fuga.<br \/>Con esta versi\u00f3n, el acusado busca que se reclasifique el delito a homicidio cometido en ri\u00f1a ya s\u00ed recuperar su libertad bajo fianza, lo que por el momento no puede.<\/p>\n<\/div>\n","protected":false},"excerpt":{"rendered":"<p>Al rendir hoy su declaraci\u00f3n preparatoria, Carlos Yusef Marrufo Salas, acusado de asesinar a su t\u00edo pol\u00edtico, dijo que solo se defendi\u00f3 de la agresi\u00f3n de la que era objeto<\/p>\n","protected":false},"author":1,"featured_media":24375,"comment_status":"open","ping_status":"open","sticky":false,"template":"","format":"standard","meta":{"jetpack_post_was_ever_published":false,"_jetpack_newsletter_access":"","_jetpack_dont_email_post_to_subs":false,"_jetpack_newsletter_tier_id":0,"_jetpack_memberships_contains_paywalled_content":false,"_jetpack_memberships_contains_paid_content":false,"footnotes":"","jetpack_publicize_message":"","jetpack_publicize_feature_enabled":true,"jetpack_social_post_already_shared":false,"jetpack_social_options":{"image_generator_settings":{"template":"highway","default_image_id":0,"font":"","enabled":false},"version":2}},"categories":[59,3,1],"tags":[],"class_list":["post-7139","post","type-post","status-publish","format-standard","has-post-thumbnail","hentry","category-asesinos","category-portada","category-sin-categoria"],"jetpack_publicize_connections":[],"jetpack_featured_media_url":"https:\/\/formalprision.com\/wp-content\/uploads\/2012\/03\/aaaaasesinos.jpg","jetpack_sharing_enabled":true,"jetpack_shortlink":"https:\/\/wp.me\/p6id8p-1R9","_links":{"self":[{"href":"https:\/\/formalprision.com\/index.php?rest_route=\/wp\/v2\/posts\/7139","targetHints":{"allow":["GET"]}}],"collection":[{"href":"https:\/\/formalprision.com\/index.php?rest_route=\/wp\/v2\/posts"}],"about":[{"href":"https:\/\/formalprision.com\/index.php?rest_route=\/wp\/v2\/types\/post"}],"author":[{"embeddable":true,"href":"https:\/\/formalprision.com\/index.php?rest_route=\/wp\/v2\/users\/1"}],"replies":[{"embeddable":true,"href":"https:\/\/formalprision.com\/index.php?rest_route=%2Fwp%2Fv2%2Fcomments&post=7139"}],"version-history":[{"count":0,"href":"https:\/\/formalprision.com\/index.php?rest_route=\/wp\/v2\/posts\/7139\/revisions"}],"wp:featuredmedia":[{"embeddable":true,"href":"https:\/\/formalprision.com\/index.php?rest_route=\/wp\/v2\/media\/24375"}],"wp:attachment":[{"href":"https:\/\/formalprision.com\/index.php?rest_route=%2Fwp%2Fv2%2Fmedia&parent=7139"}],"wp:term":[{"taxonomy":"category","embeddable":true,"href":"https:\/\/formalprision.com\/index.php?rest_route=%2Fwp%2Fv2%2Fcategories&post=7139"},{"taxonomy":"post_tag","embeddable":true,"href":"https:\/\/formalprision.com\/index.php?rest_route=%2Fwp%2Fv2%2Ftags&post=7139"}],"curies":[{"name":"wp","href":"https:\/\/api.w.org\/{rel}","templated":true}]}}