{"id":7141,"date":"2012-03-22T19:12:00","date_gmt":"2012-03-22T19:12:00","guid":{"rendered":"http:\/\/formalprision.info\/2012\/03\/22\/taxista-imprudente-deja-malheridas-dos\/"},"modified":"2015-06-03T08:52:53","modified_gmt":"2015-06-03T08:52:53","slug":"taxista-imprudente-deja-malheridas-dos","status":"publish","type":"post","link":"https:\/\/formalprision.com\/?p=7141","title":{"rendered":"Taxista imprudente deja malheridas a dos mujeres en La Ermita"},"content":{"rendered":"<p><a href=\"http:\/\/2.bp.blogspot.com\/-Gr6ct0cvu34\/T2t6k8gtcFI\/AAAAAAAAGXI\/gAakCJuNn90\/s1600\/aaaprensa.jpg\"><img decoding=\"async\" id=\"BLOGGER_PHOTO_ID_5722802526641549394\" style=\"FLOAT: left; MARGIN: 0px 10px 10px 0px; WIDTH: 320px; CURSOR: hand; HEIGHT: 240px\" alt=\"\" src=\"http:\/\/formalprision.com\/wp-content\/uploads\/2012\/03\/aaaprensa.jpg\" border=\"0\" \/><\/a><\/p>\n<div>Un taxista protagoniz\u00f3 esta ma\u00f1ana aparatoso accidente, que dej\u00f3 a dos mujeres lesionadas seriamente al quedar prensadas dentro de su veh\u00edculo.<\/div>\n<p><\/p>\n<div>El percance ocurri\u00f3 por el rumbo de La Ermita y moviliz\u00f3 ambulancias, bomberos y a polic\u00edas.<\/div>\n<p><\/p>\n<div>Ocurri\u00f3 en los cruces de las calles 66 y 75, donde un taxi placas 2112-YSB. conducido por Luis Antonio Paredes Quintal, de la ruta Chochol\u00e1, quien transitaba de norte a sur sobre la calle 66 pero al llegar al cruce con la 75 no respet\u00f3 el alto, impact\u00f3 a un Chevy matr\u00edcula YZM 9277 conducido por Laura Lucy Parra Barrancos.<br \/>La guiadora y su acompa\u00f1ara, Reyna Quijano Hern\u00e1ndez, quedaron atrapadas y prensadas en su veh\u00edculo tras la colisi\u00f3n.<br \/>Al lugar llegaron bomberos y param\u00e9dicos de la Cruz Roja y Polic\u00eda de M\u00e9rida que salvaron a las mujeres del veh\u00edculo.<\/div>\n","protected":false},"excerpt":{"rendered":"<p>Un taxista protagoniz\u00f3 esta ma\u00f1ana aparatoso accidente, que dej\u00f3 a dos mujeres lesionadas seriamente al quedar prensadas dentro de su veh\u00edculo. El percance ocurri\u00f3 por el rumbo de La Ermita<\/p>\n","protected":false},"author":1,"featured_media":24379,"comment_status":"open","ping_status":"open","sticky":false,"template":"","format":"standard","meta":{"jetpack_post_was_ever_published":false,"_jetpack_newsletter_access":"","_jetpack_dont_email_post_to_subs":false,"_jetpack_newsletter_tier_id":0,"_jetpack_memberships_contains_paywalled_content":false,"_jetpack_memberships_contains_paid_content":false,"footnotes":"","jetpack_publicize_message":"","jetpack_publicize_feature_enabled":true,"jetpack_social_post_already_shared":false,"jetpack_social_options":{"image_generator_settings":{"template":"highway","default_image_id":0,"font":"","enabled":false},"version":2}},"categories":[60,3,1],"tags":[],"class_list":["post-7141","post","type-post","status-publish","format-standard","has-post-thumbnail","hentry","category-cafres","category-portada","category-sin-categoria"],"jetpack_publicize_connections":[],"jetpack_featured_media_url":"https:\/\/formalprision.com\/wp-content\/uploads\/2012\/03\/aaaprensa.jpg","jetpack_sharing_enabled":true,"jetpack_shortlink":"https:\/\/wp.me\/p6id8p-1Rb","_links":{"self":[{"href":"https:\/\/formalprision.com\/index.php?rest_route=\/wp\/v2\/posts\/7141","targetHints":{"allow":["GET"]}}],"collection":[{"href":"https:\/\/formalprision.com\/index.php?rest_route=\/wp\/v2\/posts"}],"about":[{"href":"https:\/\/formalprision.com\/index.php?rest_route=\/wp\/v2\/types\/post"}],"author":[{"embeddable":true,"href":"https:\/\/formalprision.com\/index.php?rest_route=\/wp\/v2\/users\/1"}],"replies":[{"embeddable":true,"href":"https:\/\/formalprision.com\/index.php?rest_route=%2Fwp%2Fv2%2Fcomments&post=7141"}],"version-history":[{"count":0,"href":"https:\/\/formalprision.com\/index.php?rest_route=\/wp\/v2\/posts\/7141\/revisions"}],"wp:featuredmedia":[{"embeddable":true,"href":"https:\/\/formalprision.com\/index.php?rest_route=\/wp\/v2\/media\/24379"}],"wp:attachment":[{"href":"https:\/\/formalprision.com\/index.php?rest_route=%2Fwp%2Fv2%2Fmedia&parent=7141"}],"wp:term":[{"taxonomy":"category","embeddable":true,"href":"https:\/\/formalprision.com\/index.php?rest_route=%2Fwp%2Fv2%2Fcategories&post=7141"},{"taxonomy":"post_tag","embeddable":true,"href":"https:\/\/formalprision.com\/index.php?rest_route=%2Fwp%2Fv2%2Ftags&post=7141"}],"curies":[{"name":"wp","href":"https:\/\/api.w.org\/{rel}","templated":true}]}}