{"id":7170,"date":"2012-03-17T05:55:00","date_gmt":"2012-03-17T05:55:00","guid":{"rendered":"http:\/\/formalprision.info\/2012\/03\/17\/detiene-la-ssp-al-contador-de-la\/"},"modified":"2015-06-03T08:53:01","modified_gmt":"2015-06-03T08:53:01","slug":"detiene-la-ssp-al-contador-de-la","status":"publish","type":"post","link":"https:\/\/formalprision.com\/?p=7170","title":{"rendered":"Detiene la SSP al contador de la organizaci\u00f3n delictiva Los Pelones"},"content":{"rendered":"<p><a href=\"http:\/\/1.bp.blogspot.com\/-XIhJo2czbFg\/T2QoNLgqIbI\/AAAAAAAAGQY\/FyjNcQgnj-8\/s1600\/aaelpelonquemamariasess.jpg\"><img decoding=\"async\" id=\"BLOGGER_PHOTO_ID_5720741633560551858\" style=\"FLOAT: left; MARGIN: 0px 10px 10px 0px; WIDTH: 320px; CURSOR: hand; HEIGHT: 240px\" alt=\"\" src=\"http:\/\/formalprision.com\/wp-content\/uploads\/2012\/03\/aaelpelonquemamariasess.jpg\" border=\"0\" \/><\/a><\/p>\n<div>Elementos de la Secretar\u00eda de Seguridad P\u00fablica detuvieron hoy a Miguel \u00c1ngel Arjona Garc\u00eda, de 29 a\u00f1os de edad, alias \u201cChaparro\u201d, que llevaba mariguana para elaborar aproximadamente 10 cigarros, m\u00e1s otra cantidad en una bolsa escondida bajo el asiento de la camioneta que manejaba y que carec\u00eda de la placa delantera.<br \/>Arjona Garc\u00eda dijo ser contador del grupo delictivo \u201cLos pelones\u201d en Cozumel, Quintana Roo, de donde es originario, al servicio de Jazm\u00edn Arjona Rivero, alias \u201cCampanita\u201d, dato que corrobor\u00f3 su acompa\u00f1ante Eddy Castro Urgell, veracruzano de 27 a\u00f1os de edad, quien en uno de sus bolsillos ten\u00eda yerba como para tres cigarros.<\/div>\n<p><\/p>\n<div>Ambos estaban intoxicados con cannabis y coca\u00edna.<br \/>La detenci\u00f3n la efectuaron durante los primeros minutos de este viernes polic\u00edas estatales del escuadr\u00f3n GOERA en un puesto de revisi\u00f3n y control de la avenida Yucat\u00e1n por 34 del fraccionamiento La Florida.<\/div>\n<p><\/p>\n<div>El veh\u00edculo en el que ambos individuos viajaban, una Nissan doble cabina matr\u00edcula ZAH-6561 sin la l\u00e1mina delantera.<br \/>Arjona Garc\u00eda, al ser verificado por la Unidad de An\u00e1lisis e Informaci\u00f3n de la SSP (UDAI) en el Sistema Plataforma M\u00e9xico, arroj\u00f3 un mandamiento ministerial por delitos contra la salud en Cozumel, cumplido el 8 de agosto de 2009.<br \/>Castro Urgell dijo ser empleado de una carpinter\u00eda propiedad de Arjona Garc\u00eda, y reiter\u00f3 que \u00e9ste es quien lleva las cuentas de la mencionada organizaci\u00f3n delictiva en la isla.<br \/>Los dos sujetos fueron remitidos hoy mismo a la Fiscal\u00eda General del Estado.<\/div>\n","protected":false},"excerpt":{"rendered":"<p>Elementos de la Secretar\u00eda de Seguridad P\u00fablica detuvieron hoy a Miguel \u00c1ngel Arjona Garc\u00eda, de 29 a\u00f1os de edad, alias \u201cChaparro\u201d, que llevaba mariguana para elaborar aproximadamente 10 cigarros, m\u00e1s<\/p>\n","protected":false},"author":1,"featured_media":24436,"comment_status":"open","ping_status":"open","sticky":false,"template":"","format":"standard","meta":{"jetpack_post_was_ever_published":false,"_jetpack_newsletter_access":"","_jetpack_dont_email_post_to_subs":false,"_jetpack_newsletter_tier_id":0,"_jetpack_memberships_contains_paywalled_content":false,"_jetpack_memberships_contains_paid_content":false,"footnotes":"","jetpack_publicize_message":"","jetpack_publicize_feature_enabled":true,"jetpack_social_post_already_shared":false,"jetpack_social_options":{"image_generator_settings":{"template":"highway","default_image_id":0,"font":"","enabled":false},"version":2}},"categories":[45,47,3,1],"tags":[],"class_list":["post-7170","post","type-post","status-publish","format-standard","has-post-thumbnail","hentry","category-delincuentes-vip","category-narcos","category-portada","category-sin-categoria"],"jetpack_publicize_connections":[],"jetpack_featured_media_url":"https:\/\/formalprision.com\/wp-content\/uploads\/2012\/03\/aaelpelonquemamariasess.jpg","jetpack_sharing_enabled":true,"jetpack_shortlink":"https:\/\/wp.me\/p6id8p-1RE","_links":{"self":[{"href":"https:\/\/formalprision.com\/index.php?rest_route=\/wp\/v2\/posts\/7170","targetHints":{"allow":["GET"]}}],"collection":[{"href":"https:\/\/formalprision.com\/index.php?rest_route=\/wp\/v2\/posts"}],"about":[{"href":"https:\/\/formalprision.com\/index.php?rest_route=\/wp\/v2\/types\/post"}],"author":[{"embeddable":true,"href":"https:\/\/formalprision.com\/index.php?rest_route=\/wp\/v2\/users\/1"}],"replies":[{"embeddable":true,"href":"https:\/\/formalprision.com\/index.php?rest_route=%2Fwp%2Fv2%2Fcomments&post=7170"}],"version-history":[{"count":0,"href":"https:\/\/formalprision.com\/index.php?rest_route=\/wp\/v2\/posts\/7170\/revisions"}],"wp:featuredmedia":[{"embeddable":true,"href":"https:\/\/formalprision.com\/index.php?rest_route=\/wp\/v2\/media\/24436"}],"wp:attachment":[{"href":"https:\/\/formalprision.com\/index.php?rest_route=%2Fwp%2Fv2%2Fmedia&parent=7170"}],"wp:term":[{"taxonomy":"category","embeddable":true,"href":"https:\/\/formalprision.com\/index.php?rest_route=%2Fwp%2Fv2%2Fcategories&post=7170"},{"taxonomy":"post_tag","embeddable":true,"href":"https:\/\/formalprision.com\/index.php?rest_route=%2Fwp%2Fv2%2Ftags&post=7170"}],"curies":[{"name":"wp","href":"https:\/\/api.w.org\/{rel}","templated":true}]}}