{"id":7172,"date":"2012-03-17T03:56:00","date_gmt":"2012-03-17T03:56:00","guid":{"rendered":"http:\/\/formalprision.info\/2012\/03\/17\/lo-mate-con-su-propia-navaja-porque\/"},"modified":"2015-06-03T08:53:01","modified_gmt":"2015-06-03T08:53:01","slug":"lo-mate-con-su-propia-navaja-porque","status":"publish","type":"post","link":"https:\/\/formalprision.com\/?p=7172","title":{"rendered":"Lo mat\u00e9 con su propia navaja porque quer\u00eda matarme, alega homicida de un adolescente"},"content":{"rendered":"<p><a href=\"http:\/\/4.bp.blogspot.com\/-Kj9ylSXnZFo\/T2P0JqHIJII\/AAAAAAAAGQM\/CQxNfJHKqGI\/s1600\/aaaasesinosdeasesinos\"><img decoding=\"async\" id=\"BLOGGER_PHOTO_ID_5720684398450844802\" style=\"FLOAT: left; MARGIN: 0px 10px 10px 0px; WIDTH: 320px; CURSOR: hand; HEIGHT: 213px\" alt=\"\" src=\"http:\/\/4.bp.blogspot.com\/-Kj9ylSXnZFo\/T2P0JqHIJII\/AAAAAAAAGQM\/CQxNfJHKqGI\/s320\/aaaasesinosdeasesinos\" border=\"0\" \/><\/a><\/p>\n<div>Al rendir esta noche su declaraci\u00f3n preparatoria, Fernando Javier Zi Chin, acusado de asesinar a un adolescente, reiter\u00f3 que actu\u00f3 en defensa propia.<br \/>Admiti\u00f3 que hiri\u00f3 mortalmente con una navaja a Benjam\u00edn Jim\u00e9nez Herrera, de 16 a\u00f1os de edad, pero asegur\u00f3 que lo hizo porque el adolescente estaba armado.<br \/>Esta noche, el presunto homicida declar\u00f3<br \/>Ante el Juzgado 5\u00ba. Penal, al que fue puesto a disposici\u00f3n por el delito de homicidio calificado.<br \/>El acusado admiti\u00f3 el crimen, que, seg\u00fan la Fiscal\u00eda, ocurri\u00f3 cuando se pele\u00f3 con el ahora occiso cuando \u00e9ste le reclam\u00f3 que le lanzara piropos a su novia de 14 a\u00f1os de edad.<br \/>Sin embargo, en su declaraci\u00f3n, dijo que no le falt\u00f3 el respeto a la menor, sino que todo se debi\u00f3 a un mal entendido porque el adolescente pens\u00f3 que hab\u00eda dicho algo malo de la jovencita.<br \/>Indic\u00f3 que el adolescente fue quien sac\u00f3 una navaja e intent\u00f3 lesionarlo, por lo que forceje\u00f3 con \u00e9l y en el pleito lo lesion\u00f3 en el coraz\u00f3n.<\/div>\n<p><\/p>\n<div>_Era su navaja y yo solo trat\u00e9 de quit\u00e1rsela, pero lo mat\u00e9 al querer desarmarlo -reiter\u00f3 el acusado<br \/>El acusado pidi\u00f3 carearse con la menor para que ella corrobore c\u00f3mo sucedieron los hechos.<\/div>\n","protected":false},"excerpt":{"rendered":"<p>Al rendir esta noche su declaraci\u00f3n preparatoria, Fernando Javier Zi Chin, acusado de asesinar a un adolescente, reiter\u00f3 que actu\u00f3 en defensa propia.Admiti\u00f3 que hiri\u00f3 mortalmente con una navaja a<\/p>\n","protected":false},"author":1,"featured_media":0,"comment_status":"open","ping_status":"open","sticky":false,"template":"","format":"standard","meta":{"jetpack_post_was_ever_published":false,"_jetpack_newsletter_access":"","_jetpack_dont_email_post_to_subs":false,"_jetpack_newsletter_tier_id":0,"_jetpack_memberships_contains_paywalled_content":false,"_jetpack_memberships_contains_paid_content":false,"footnotes":"","jetpack_publicize_message":"","jetpack_publicize_feature_enabled":true,"jetpack_social_post_already_shared":false,"jetpack_social_options":{"image_generator_settings":{"template":"highway","default_image_id":0,"font":"","enabled":false},"version":2}},"categories":[59,3,1],"tags":[],"class_list":["post-7172","post","type-post","status-publish","format-standard","hentry","category-asesinos","category-portada","category-sin-categoria"],"jetpack_publicize_connections":[],"jetpack_featured_media_url":"","jetpack_sharing_enabled":true,"jetpack_shortlink":"https:\/\/wp.me\/p6id8p-1RG","_links":{"self":[{"href":"https:\/\/formalprision.com\/index.php?rest_route=\/wp\/v2\/posts\/7172","targetHints":{"allow":["GET"]}}],"collection":[{"href":"https:\/\/formalprision.com\/index.php?rest_route=\/wp\/v2\/posts"}],"about":[{"href":"https:\/\/formalprision.com\/index.php?rest_route=\/wp\/v2\/types\/post"}],"author":[{"embeddable":true,"href":"https:\/\/formalprision.com\/index.php?rest_route=\/wp\/v2\/users\/1"}],"replies":[{"embeddable":true,"href":"https:\/\/formalprision.com\/index.php?rest_route=%2Fwp%2Fv2%2Fcomments&post=7172"}],"version-history":[{"count":0,"href":"https:\/\/formalprision.com\/index.php?rest_route=\/wp\/v2\/posts\/7172\/revisions"}],"wp:attachment":[{"href":"https:\/\/formalprision.com\/index.php?rest_route=%2Fwp%2Fv2%2Fmedia&parent=7172"}],"wp:term":[{"taxonomy":"category","embeddable":true,"href":"https:\/\/formalprision.com\/index.php?rest_route=%2Fwp%2Fv2%2Fcategories&post=7172"},{"taxonomy":"post_tag","embeddable":true,"href":"https:\/\/formalprision.com\/index.php?rest_route=%2Fwp%2Fv2%2Ftags&post=7172"}],"curies":[{"name":"wp","href":"https:\/\/api.w.org\/{rel}","templated":true}]}}