{"id":7177,"date":"2012-03-16T01:53:00","date_gmt":"2012-03-16T01:53:00","guid":{"rendered":"http:\/\/formalprision.info\/2012\/03\/16\/atentado-en-progreso-contra-un\/"},"modified":"2015-06-03T08:53:03","modified_gmt":"2015-06-03T08:53:03","slug":"atentado-en-progreso-contra-un","status":"publish","type":"post","link":"https:\/\/formalprision.com\/?p=7177","title":{"rendered":"Atentado en Progreso contra un reportero inc\u00f3modo"},"content":{"rendered":"<p><a href=\"http:\/\/2.bp.blogspot.com\/-SQqTmQ7Hye8\/T2KeOd-M71I\/AAAAAAAAGPc\/08XIhAIe9Qo\/s1600\/aaadescargaresta.jpg\"><img decoding=\"async\" id=\"BLOGGER_PHOTO_ID_5720308448114831186\" style=\"FLOAT: left; MARGIN: 0px 10px 10px 0px; WIDTH: 320px; CURSOR: hand; HEIGHT: 214px\" alt=\"\" src=\"http:\/\/formalprision.com\/wp-content\/uploads\/2012\/03\/aaadescargaresta.jpg\" border=\"0\" \/><\/a><\/p>\n<div>Un nuevo ataque en contra de la libertad de expresi\u00f3n se registr\u00f3 este mediod\u00eda en Progreso, donde un reportero del portal informativo ProgresoHoy.com fue v\u00edctima de un atentado, presuntamente ordenado por personas vinculadas con el Ayuntamiento del puerto.El veh\u00edculo del reportero fue da\u00f1ado con un qu\u00edmico, en un claro acto intimidatorio.<\/div>\n<p><\/p>\n<div>En \u00e9sta ocasi\u00f3n, los autores materiales del atentado fueron delatados por las c\u00e1maras de seguridad de las oficinas del peri\u00f3dico, ubicadas frente al palacio municipal, aunque ser\u00e1 labor de las autoridades determinar la responsabilidad de los agresores y tambi\u00e9n la de los que ordenaron el ataque.<\/div>\n<p><\/p>\n<div>Estas acciones, al parecer son una muestra clara del enojo e incomodidad que han generado las informaciones que dicho peri\u00f3dico ha publicado sobre el Ayuntamiento y varios de sus colaboradores, cuya ineficiencia ha quedado de manifiesto en varias acciones denunciadas en repetidas ocasiones por la propia ciudadan\u00eda.<\/div>\n<p><\/p>\n<div>El atentado de hoy ocurre luego de que el portal dio a conocer un v\u00eddeo en donde aparecen empleados de Comunicaci\u00f3n Social, a cargo de Jos\u00e9 Antonio Uribe Magad\u00e1n, divirti\u00e9ndose con v\u00eddeos \u00abchuscos\u00bb en horas de trabajo.<\/div>\n<p><\/p>\n<div>La verdad ha resultado inc\u00f3moda para estas personas.<\/div>\n<p><\/p>\n<div>Los hechos se registraron a las 11:53 horas en la calle 80&#215;33, a un costado del estacionamiento del palacio municipal, donde precisamente en esos momentos la vigilancia polic\u00edaca \u00abbrill\u00f3 por su ausencia\u00bb.<\/div>\n<p><\/p>\n<div>El veh\u00edculo da\u00f1ado es un Renault Clio, color plata, al que un joven vestido con playera roja y bermuda le lanz\u00f3 un qu\u00edmico removedor de pintura con un bote de pl\u00e1stico, mientras otros observaban y se re\u00edan de la acci\u00f3n desde el interior de un autom\u00f3vil estacionado justamente junto a la unidad afectada.<\/div>\n<p><\/p>\n<div>El veh\u00edculo es propiedad del reportero Oscar P\u00e9rez Guillermo.<\/div>\n<p><\/p>\n<div>En los hechos estuvieron involucradas m\u00e1s personas, quienes ya fueron se\u00f1aladas en la denuncia que hoy se interpuso en el Ministerio P\u00fablico, mismo procedimiento que se realizar\u00e1 ante la Fiscal\u00eda Especializada en Atenci\u00f3n para Delitos contra Periodistas, dependiente de la PGR federal.<\/div>\n<p><\/p>\n<div>Despu\u00e9s de los hechos, el alcalde Joaqu\u00edn Cruz Mu\u00f1oz descendi\u00f3 de sus oficinas del Palacio Municipal para ofrecer que se llegar\u00e1 hasta las \u00faltimas consecuencias para tratar de localizar a los responsables.<\/div>\n<p><\/p>\n<div>El alcalde, acompa\u00f1ado del regidor de Salud, Alberto Eu\u00e1n Kant\u00fan, reprob\u00f3 los hechos y pidi\u00f3 al reportero interponer la denuncia respectiva por el atentado.Se\u00f1al\u00f3 que es penoso que estas personas reaccionen de \u00e9sta manera por motivos que seg\u00fan dijo, desconoce.<\/div>\n<p><\/p>\n<div>Desde el balc\u00f3n de palacio, varios empleados y regidores observaron los da\u00f1os ocasionados al veh\u00edculo. <\/div>\n<p><\/p>\n<div>La S\u00edndico Concepci\u00f3n Almeida tambi\u00e9n observ\u00f3 desde la distancia los hechos.Al poco rato se presentaron polic\u00edas municipales y polic\u00edas estatales que tomaron conocimiento de los hechos.Las autoridades estatales y federales tendr\u00e1n a su disposici\u00f3n las im\u00e1genes captadas por las dos c\u00e1maras de las oficinas que dan a la calle.<\/div>\n","protected":false},"excerpt":{"rendered":"<p>Un nuevo ataque en contra de la libertad de expresi\u00f3n se registr\u00f3 este mediod\u00eda en Progreso, donde un reportero del portal informativo ProgresoHoy.com fue v\u00edctima de un atentado, presuntamente ordenado<\/p>\n","protected":false},"author":1,"featured_media":24448,"comment_status":"open","ping_status":"open","sticky":false,"template":"","format":"standard","meta":{"jetpack_post_was_ever_published":false,"_jetpack_newsletter_access":"","_jetpack_dont_email_post_to_subs":false,"_jetpack_newsletter_tier_id":0,"_jetpack_memberships_contains_paywalled_content":false,"_jetpack_memberships_contains_paid_content":false,"footnotes":"","jetpack_publicize_message":"","jetpack_publicize_feature_enabled":true,"jetpack_social_post_already_shared":false,"jetpack_social_options":{"image_generator_settings":{"template":"highway","default_image_id":0,"font":"","enabled":false},"version":2}},"categories":[3,1,49],"tags":[],"class_list":["post-7177","post","type-post","status-publish","format-standard","has-post-thumbnail","hentry","category-portada","category-sin-categoria","category-tocho-morocho"],"jetpack_publicize_connections":[],"jetpack_featured_media_url":"https:\/\/formalprision.com\/wp-content\/uploads\/2012\/03\/aaadescargaresta.jpg","jetpack_sharing_enabled":true,"jetpack_shortlink":"https:\/\/wp.me\/p6id8p-1RL","_links":{"self":[{"href":"https:\/\/formalprision.com\/index.php?rest_route=\/wp\/v2\/posts\/7177","targetHints":{"allow":["GET"]}}],"collection":[{"href":"https:\/\/formalprision.com\/index.php?rest_route=\/wp\/v2\/posts"}],"about":[{"href":"https:\/\/formalprision.com\/index.php?rest_route=\/wp\/v2\/types\/post"}],"author":[{"embeddable":true,"href":"https:\/\/formalprision.com\/index.php?rest_route=\/wp\/v2\/users\/1"}],"replies":[{"embeddable":true,"href":"https:\/\/formalprision.com\/index.php?rest_route=%2Fwp%2Fv2%2Fcomments&post=7177"}],"version-history":[{"count":0,"href":"https:\/\/formalprision.com\/index.php?rest_route=\/wp\/v2\/posts\/7177\/revisions"}],"wp:featuredmedia":[{"embeddable":true,"href":"https:\/\/formalprision.com\/index.php?rest_route=\/wp\/v2\/media\/24448"}],"wp:attachment":[{"href":"https:\/\/formalprision.com\/index.php?rest_route=%2Fwp%2Fv2%2Fmedia&parent=7177"}],"wp:term":[{"taxonomy":"category","embeddable":true,"href":"https:\/\/formalprision.com\/index.php?rest_route=%2Fwp%2Fv2%2Fcategories&post=7177"},{"taxonomy":"post_tag","embeddable":true,"href":"https:\/\/formalprision.com\/index.php?rest_route=%2Fwp%2Fv2%2Ftags&post=7177"}],"curies":[{"name":"wp","href":"https:\/\/api.w.org\/{rel}","templated":true}]}}