{"id":7183,"date":"2012-03-15T01:06:00","date_gmt":"2012-03-15T01:06:00","guid":{"rendered":"http:\/\/formalprision.info\/2012\/03\/15\/cuatro-detenidos-por-acuchillar-su\/"},"modified":"2015-06-03T08:53:05","modified_gmt":"2015-06-03T08:53:05","slug":"cuatro-detenidos-por-acuchillar-su","status":"publish","type":"post","link":"https:\/\/formalprision.com\/?p=7183","title":{"rendered":"Cuatro detenidos por acuchillar a su enemigo"},"content":{"rendered":"<p><a href=\"http:\/\/1.bp.blogspot.com\/-dNXSOlMFmEY\/T2EY8QuoieI\/AAAAAAAAGOU\/IAy-c0cMVS4\/s1600\/aaaaacuchillar.jpg\"><img decoding=\"async\" id=\"BLOGGER_PHOTO_ID_5719880425299020258\" style=\"FLOAT: left; MARGIN: 0px 10px 10px 0px; WIDTH: 320px; CURSOR: hand; HEIGHT: 228px\" alt=\"\" src=\"http:\/\/formalprision.com\/wp-content\/uploads\/2012\/03\/aaaaacuchillar.jpg\" border=\"0\" \/><\/a><\/p>\n<p><\/p>\n<div>Elementos de la Polic\u00eda de Progreso detuvieron anoche a 4 sujetos por<br \/>ri\u00f1a y agresi\u00f3n con arma blanca.<br \/>Los hechos ocurrieron a las 22:10 horas, en la calle 94-A x 39 y 41 de ese puerto, donde varios sujetos se encontraban protagonizando una ri\u00f1a.<br \/>En el lugar FELIX ISAAC CARDE\u00d1A PECH, de 18 a\u00f1os de edad, hab\u00eda sido agredido por 5 sujetos que se dieron a la fuga despu\u00e9s de la agresi\u00f3n.<br \/>Los polis localizaron y detuvieron a 4 de los sujetos, uno de los cuales llevaba un cuchillo.<br \/>Los detenidos son FRANCISCO ALEJANDRO CORREA COA\u00d1A de 21 a\u00f1os de edad; MARTIN ORLANDO DOMINGUEZ PEREZ de 20; CHRISTIAN FERNANDO FUENTES ROSEL, de 18 y G. J. B. N. De 17 a\u00f1os de edad.<br \/>Los detenidos se\u00f1alaron al menor G. J. B. N. como la persona que someti\u00f3 al lesionado mientras una persona de la cual se ignora su paradero le causaba una lesi\u00f3n con un arma blanca, indicando que dicho sujeto responde al nombre de FELIPE AMENICA BAQUEIRO NU\u00d1EZ.<\/div>\n","protected":false},"excerpt":{"rendered":"<p>Elementos de la Polic\u00eda de Progreso detuvieron anoche a 4 sujetos porri\u00f1a y agresi\u00f3n con arma blanca.Los hechos ocurrieron a las 22:10 horas, en la calle 94-A x 39 y<\/p>\n","protected":false},"author":1,"featured_media":24460,"comment_status":"open","ping_status":"open","sticky":false,"template":"","format":"standard","meta":{"jetpack_post_was_ever_published":false,"_jetpack_newsletter_access":"","_jetpack_dont_email_post_to_subs":false,"_jetpack_newsletter_tier_id":0,"_jetpack_memberships_contains_paywalled_content":false,"_jetpack_memberships_contains_paid_content":false,"footnotes":"","jetpack_publicize_message":"","jetpack_publicize_feature_enabled":true,"jetpack_social_post_already_shared":false,"jetpack_social_options":{"image_generator_settings":{"template":"highway","default_image_id":0,"font":"","enabled":false},"version":2}},"categories":[59,45,3,1],"tags":[],"class_list":["post-7183","post","type-post","status-publish","format-standard","has-post-thumbnail","hentry","category-asesinos","category-delincuentes-vip","category-portada","category-sin-categoria"],"jetpack_publicize_connections":[],"jetpack_featured_media_url":"https:\/\/formalprision.com\/wp-content\/uploads\/2012\/03\/aaaaacuchillar.jpg","jetpack_sharing_enabled":true,"jetpack_shortlink":"https:\/\/wp.me\/p6id8p-1RR","_links":{"self":[{"href":"https:\/\/formalprision.com\/index.php?rest_route=\/wp\/v2\/posts\/7183","targetHints":{"allow":["GET"]}}],"collection":[{"href":"https:\/\/formalprision.com\/index.php?rest_route=\/wp\/v2\/posts"}],"about":[{"href":"https:\/\/formalprision.com\/index.php?rest_route=\/wp\/v2\/types\/post"}],"author":[{"embeddable":true,"href":"https:\/\/formalprision.com\/index.php?rest_route=\/wp\/v2\/users\/1"}],"replies":[{"embeddable":true,"href":"https:\/\/formalprision.com\/index.php?rest_route=%2Fwp%2Fv2%2Fcomments&post=7183"}],"version-history":[{"count":0,"href":"https:\/\/formalprision.com\/index.php?rest_route=\/wp\/v2\/posts\/7183\/revisions"}],"wp:featuredmedia":[{"embeddable":true,"href":"https:\/\/formalprision.com\/index.php?rest_route=\/wp\/v2\/media\/24460"}],"wp:attachment":[{"href":"https:\/\/formalprision.com\/index.php?rest_route=%2Fwp%2Fv2%2Fmedia&parent=7183"}],"wp:term":[{"taxonomy":"category","embeddable":true,"href":"https:\/\/formalprision.com\/index.php?rest_route=%2Fwp%2Fv2%2Fcategories&post=7183"},{"taxonomy":"post_tag","embeddable":true,"href":"https:\/\/formalprision.com\/index.php?rest_route=%2Fwp%2Fv2%2Ftags&post=7183"}],"curies":[{"name":"wp","href":"https:\/\/api.w.org\/{rel}","templated":true}]}}