{"id":7184,"date":"2012-03-14T23:45:00","date_gmt":"2012-03-14T23:45:00","guid":{"rendered":"http:\/\/formalprision.info\/2012\/03\/14\/el-colmo-de-un-electricista-se-le-quema\/"},"modified":"2015-06-03T08:53:05","modified_gmt":"2015-06-03T08:53:05","slug":"el-colmo-de-un-electricista-se-le-quema","status":"publish","type":"post","link":"https:\/\/formalprision.com\/?p=7184","title":{"rendered":"El colmo de un electricista: se le quema su casa por un cortocircuito"},"content":{"rendered":"<p><a href=\"http:\/\/2.bp.blogspot.com\/-EiysA3jew7k\/T2BN8W2WDEI\/AAAAAAAAGNw\/bu3W0C8kFYQ\/s1600\/aaaelclomo.JPG\"><img decoding=\"async\" id=\"BLOGGER_PHOTO_ID_5719657226081537090\" style=\"FLOAT: left; MARGIN: 0px 10px 10px 0px; WIDTH: 320px; CURSOR: hand; HEIGHT: 214px\" alt=\"\" src=\"http:\/\/formalprision.com\/wp-content\/uploads\/2012\/03\/aaaelclomo.jpg\" border=\"0\" \/><\/a><\/p>\n<div>Un incendio ocasionado por un cortocircuito a ra\u00edz de un alto voltaje de la red el\u00e9ctrica, ocasion\u00f3 esta ma\u00f1ana un incendio en el domicilio de la familia Estrada de la Rosa de Progreso, en la calle 39, entre 64 y 66, en la colonia Ismael Garc\u00eda.<\/div>\n<p><\/p>\n<div>El incendio da\u00f1\u00f3 por completo un cuarto del predio y todo lo que hab\u00eda dentro, desde muebles, ropa y otras pertenencias.<\/div>\n<p><\/p>\n<div>El fuego hizo correr a los vecinos y habitantes de la casa, quienes a cubetazos comenzaron a tratar de sofocar las llamas.<\/div>\n<div>Se inform\u00f3 que el predio es propiedad del conocido electricista Gonzalo \u00abChalito\u00bb Estrada Param y su esposa Luc\u00eda del Socorro de la Rosa de Estrada.<\/div>\n<p><\/p>\n<div>Gonzalo Estrada dijo que alrededor de las 11 de la ma\u00f1ana sinti\u00f3 un olor a humo, pero pens\u00f3 que una vecina estar\u00eda quemando basura.<\/div>\n<p><\/p>\n<div>Al salir a la calle, fue cuando vio que del cuarto de su hija sali\u00f3 mucho humo y de inmediato se percat\u00f3 que se estaba quemando su casa.<\/div>\n<p><\/p>\n<div>R\u00e1pidamente rompi\u00f3 la puerta a patadas y comenz\u00f3 a llenar cubetas para apagar las llamas, a lo que varios vecinos cruzaron para apoyarlo, mientras llegaban los bomberos.<\/div>\n<p><\/p>\n<div>-Todo fue por una alta tensi\u00f3n de corriente, pues desde ayer no tenemos luz y hoy a las 11 fue que regres\u00f3 de golpe y ocasion\u00f3 el cortocircuito. Tengo 35 a\u00f1os de electricista y \u00e9sto fue por un alto voltaje- dijo.<\/div>\n<p><\/p>\n<div>Gonzalo Estrada dijo que se quejar\u00e1 con la CFE, pues a todos los vecinos les consta que desde ayer no tienen luz, lo fueron a reportar a las oficinas y hoy que regres\u00f3 la corriente caus\u00f3 el incendio.<\/div>\n<div><\/div>\n","protected":false},"excerpt":{"rendered":"<p>Un incendio ocasionado por un cortocircuito a ra\u00edz de un alto voltaje de la red el\u00e9ctrica, ocasion\u00f3 esta ma\u00f1ana un incendio en el domicilio de la familia Estrada de la<\/p>\n","protected":false},"author":1,"featured_media":24462,"comment_status":"open","ping_status":"open","sticky":false,"template":"","format":"standard","meta":{"jetpack_post_was_ever_published":false,"_jetpack_newsletter_access":"","_jetpack_dont_email_post_to_subs":false,"_jetpack_newsletter_tier_id":0,"_jetpack_memberships_contains_paywalled_content":false,"_jetpack_memberships_contains_paid_content":false,"footnotes":"","jetpack_publicize_message":"","jetpack_publicize_feature_enabled":true,"jetpack_social_post_already_shared":false,"jetpack_social_options":{"image_generator_settings":{"template":"highway","default_image_id":0,"font":"","enabled":false},"version":2}},"categories":[56,3,1,53],"tags":[],"class_list":["post-7184","post","type-post","status-publish","format-standard","has-post-thumbnail","hentry","category-incendios","category-portada","category-sin-categoria","category-yo-no-fui"],"jetpack_publicize_connections":[],"jetpack_featured_media_url":"https:\/\/formalprision.com\/wp-content\/uploads\/2012\/03\/aaaelclomo.jpg","jetpack_sharing_enabled":true,"jetpack_shortlink":"https:\/\/wp.me\/p6id8p-1RS","_links":{"self":[{"href":"https:\/\/formalprision.com\/index.php?rest_route=\/wp\/v2\/posts\/7184","targetHints":{"allow":["GET"]}}],"collection":[{"href":"https:\/\/formalprision.com\/index.php?rest_route=\/wp\/v2\/posts"}],"about":[{"href":"https:\/\/formalprision.com\/index.php?rest_route=\/wp\/v2\/types\/post"}],"author":[{"embeddable":true,"href":"https:\/\/formalprision.com\/index.php?rest_route=\/wp\/v2\/users\/1"}],"replies":[{"embeddable":true,"href":"https:\/\/formalprision.com\/index.php?rest_route=%2Fwp%2Fv2%2Fcomments&post=7184"}],"version-history":[{"count":0,"href":"https:\/\/formalprision.com\/index.php?rest_route=\/wp\/v2\/posts\/7184\/revisions"}],"wp:featuredmedia":[{"embeddable":true,"href":"https:\/\/formalprision.com\/index.php?rest_route=\/wp\/v2\/media\/24462"}],"wp:attachment":[{"href":"https:\/\/formalprision.com\/index.php?rest_route=%2Fwp%2Fv2%2Fmedia&parent=7184"}],"wp:term":[{"taxonomy":"category","embeddable":true,"href":"https:\/\/formalprision.com\/index.php?rest_route=%2Fwp%2Fv2%2Fcategories&post=7184"},{"taxonomy":"post_tag","embeddable":true,"href":"https:\/\/formalprision.com\/index.php?rest_route=%2Fwp%2Fv2%2Ftags&post=7184"}],"curies":[{"name":"wp","href":"https:\/\/api.w.org\/{rel}","templated":true}]}}