{"id":71841,"date":"2019-04-13T21:43:48","date_gmt":"2019-04-14T02:43:48","guid":{"rendered":"http:\/\/formalprision.com\/?p=71841"},"modified":"2019-04-13T21:45:14","modified_gmt":"2019-04-14T02:45:14","slug":"lo-sorprenden-haciendole-puerquezas-a-la-hijita-de-su-amigo-en-sodzil-norte","status":"publish","type":"post","link":"https:\/\/formalprision.com\/?p=71841","title":{"rendered":"Lo sorprenden haci\u00e9ndole puerquezas a la hijita de su amigo en Sodzil Norte"},"content":{"rendered":"\n<p>La Fiscal\u00eda General del Estado formul\u00f3 la imputaci\u00f3n a Jos\u00e9 Ra\u00fal Montelongo Delgado por su presunta participaci\u00f3n en el delito de abuso sexual agravado, toda vez que le hizo puerquezas a una ni\u00f1a.<\/p>\n\n\n\n<p>Seg\u00fan la acusaci\u00f3n, el sujeto bes\u00f3 a la ni\u00f1a en la boca, luego la oblig\u00f3 a tocarle el pene y despu\u00e9s le acarici\u00f3 sus partes \u00edntimas.<\/p>\n\n\n\n<p>En la audiencia realizada en el Juzgado Primero de Control se decret\u00f3 de legal la detenci\u00f3n y en la misma el acusado solicit\u00f3 la duplicidad del t\u00e9rmino legal para definir su situaci\u00f3n jur\u00eddica, por lo que la juez Blanca Beatriz Bonilla Gonz\u00e1lez estableci\u00f3 la continuaci\u00f3n de la audiencia el pr\u00f3ximo 16 de abril.<\/p>\n\n\n\n<p>La Fiscal\u00eda solicit\u00f3 la prisi\u00f3n preventiva y argument\u00f3 los motivos, mismos que fueron valorados por la autoridad judicial, quien otorg\u00f3 la medida solicitada por todo el tiempo que dure el proceso.<\/p>\n\n\n\n<p>En la carpeta de investigaci\u00f3n de la causa penal 124\/2019 se expone que los hechos ocurrieron en un predio de Sodzil Norte, cuando el indiciado presuntamente cometi\u00f3 el il\u00edcito en agravio de la menor, por lo menos en tres ocasiones.<\/p>\n\n\n\n<p>El aprovech\u00f3 la confianza que ten\u00eda con la familia y al estar solo con la ni\u00f1a, la bes\u00f3; luego la oblig\u00f3 a que lo tocara y finalmente meti\u00f3 uno de sus dedos dentro de un agujero que ten\u00eda la ropa interior de la infante y la acaricio obscenamente.<\/p>\n\n\n\n<p>Por fortuna, el padre de la menor se present\u00f3 y al ver la situaci\u00f3n extra\u00f1a cuestion\u00f3 a la ni\u00f1a, quien le cont\u00f3 lo sucedido, lo que permiti\u00f3 la captura del abusador.<\/p>\n","protected":false},"excerpt":{"rendered":"<p>La Fiscal\u00eda General del Estado formul\u00f3 la imputaci\u00f3n a Jos\u00e9 Ra\u00fal Montelongo Delgado por su presunta participaci\u00f3n en el delito de abuso sexual agravado, toda vez que le hizo puerquezas<\/p>\n","protected":false},"author":1,"featured_media":71842,"comment_status":"open","ping_status":"open","sticky":false,"template":"","format":"standard","meta":{"jetpack_post_was_ever_published":false,"_jetpack_newsletter_access":"","_jetpack_dont_email_post_to_subs":false,"_jetpack_newsletter_tier_id":0,"_jetpack_memberships_contains_paywalled_content":false,"_jetpack_memberships_contains_paid_content":false,"footnotes":"","jetpack_publicize_message":"","jetpack_publicize_feature_enabled":true,"jetpack_social_post_already_shared":true,"jetpack_social_options":{"image_generator_settings":{"template":"highway","default_image_id":0,"font":"","enabled":false},"version":2}},"categories":[3,55],"tags":[],"class_list":["post-71841","post","type-post","status-publish","format-standard","has-post-thumbnail","hentry","category-portada","category-violines"],"jetpack_publicize_connections":[],"jetpack_featured_media_url":"https:\/\/formalprision.com\/wp-content\/uploads\/2019\/04\/IMG_3700.jpg","jetpack_sharing_enabled":true,"jetpack_shortlink":"https:\/\/wp.me\/p6id8p-iGJ","_links":{"self":[{"href":"https:\/\/formalprision.com\/index.php?rest_route=\/wp\/v2\/posts\/71841","targetHints":{"allow":["GET"]}}],"collection":[{"href":"https:\/\/formalprision.com\/index.php?rest_route=\/wp\/v2\/posts"}],"about":[{"href":"https:\/\/formalprision.com\/index.php?rest_route=\/wp\/v2\/types\/post"}],"author":[{"embeddable":true,"href":"https:\/\/formalprision.com\/index.php?rest_route=\/wp\/v2\/users\/1"}],"replies":[{"embeddable":true,"href":"https:\/\/formalprision.com\/index.php?rest_route=%2Fwp%2Fv2%2Fcomments&post=71841"}],"version-history":[{"count":0,"href":"https:\/\/formalprision.com\/index.php?rest_route=\/wp\/v2\/posts\/71841\/revisions"}],"wp:featuredmedia":[{"embeddable":true,"href":"https:\/\/formalprision.com\/index.php?rest_route=\/wp\/v2\/media\/71842"}],"wp:attachment":[{"href":"https:\/\/formalprision.com\/index.php?rest_route=%2Fwp%2Fv2%2Fmedia&parent=71841"}],"wp:term":[{"taxonomy":"category","embeddable":true,"href":"https:\/\/formalprision.com\/index.php?rest_route=%2Fwp%2Fv2%2Fcategories&post=71841"},{"taxonomy":"post_tag","embeddable":true,"href":"https:\/\/formalprision.com\/index.php?rest_route=%2Fwp%2Fv2%2Ftags&post=71841"}],"curies":[{"name":"wp","href":"https:\/\/api.w.org\/{rel}","templated":true}]}}