{"id":71907,"date":"2019-04-17T21:18:16","date_gmt":"2019-04-18T02:18:16","guid":{"rendered":"http:\/\/formalprision.com\/?p=71907"},"modified":"2019-04-17T21:18:22","modified_gmt":"2019-04-18T02:18:22","slug":"mauricio-vila-continua-impulsando-el-empleo-en-el-interior-del-estado","status":"publish","type":"post","link":"https:\/\/formalprision.com\/?p=71907","title":{"rendered":"Mauricio Vila contin\u00faa impulsando el empleo en el interior del estado"},"content":{"rendered":"\n<p>Maxcan\u00fa, Yucat\u00e1n, 17 de abril de 2019.- La oferta de m\u00e1s y mejores empleos que impulsa el Gobernador Mauricio Vila Dosal en el interior del estado sigue consolid\u00e1ndose con la llegada de nuevas compa\u00f1\u00edas, como la de la empresa del sector textil M&amp;L Supply Chain, que generar\u00e1 en los pr\u00f3ximos 2 a\u00f1os 5,200 empleos con una inversi\u00f3n de 180 millones de pesos.<\/p>\n\n\n\n<p>En Maxcan\u00fa, Vila Dosal realiz\u00f3 una visita a una de las f\u00e1bricas de esta firma, dedicada a la confecci\u00f3n de playeras para caballero que comercializan principalmente al mercado de Estados Unidos, en la que el director general, Max Jones Rivera, le explic\u00f3 que actualmente ya est\u00e1n en este municipio y en Dzemul, pero tienen contemplado abrir 2 plantas m\u00e1s en otros.<\/p>\n\n\n\n<p>Actualmente, en sus instalaciones de Maxcan\u00fa trabajan m\u00e1s de 419 personas, provenientes de 24 comunidades pertenecientes a este municipio y los vecinos de Halach\u00f3, Muna y Kopom\u00e1, con una producci\u00f3n semanal de 6,963 docenas de prendas, pero la meta es que cuando la planta est\u00e9 a su m\u00e1xima capacidad alcancen a producir 250 mil docenas semanales, lo que significa 2 millones de docenas al mes.<\/p>\n\n\n\n<p>Por ahora, los sueldos en el \u00e1rea de producci\u00f3n van de los 950 a los 2,000 pesos semanales. Como parte de su crecimiento, la empresa tambi\u00e9n requiere personal con conocimiento especializado, principalmente en el \u00e1rea de ingenier\u00eda y log\u00edstica, por lo que representa una oportunidad para los j\u00f3venes que se forman en las instituciones de educaci\u00f3n superior.<\/p>\n\n\n\n<p>Acompa\u00f1ado por los titulares de las Secretar\u00edas de Fomento Econ\u00f3mico y Trabajo (Sefoet), Ernesto Herrera Novelo y de Desarrollo Social, Roger Torres Peniche, el Gobernador resalt\u00f3 la importancia de continuar, en conjunto con el sector empresarial, creando fuentes de trabajo en el interior del estado, pues \u00e9sta es la mejor estrategia para combatir la pobreza y la migraci\u00f3n.<\/p>\n\n\n\n<p>\u201cLo importante es que podamos ir diversificando la oferta laboral en todo el territorio, para no concentrarnos en una sola regi\u00f3n. Tenemos 25 municipios en donde se concentra el 50 % de la pobreza en la entidad y es donde tenemos que hacer llegar las oportunidades de trabajo; con M&amp;L Supply Chain podemos tener una buena alianza que signifique mejorar las condiciones de vida de los yucatecos\u201d, asever\u00f3.<\/p>\n\n\n\n<p>En ese sentido, Vila Dosal refrend\u00f3 el compromiso de su administraci\u00f3n de seguir generando las condiciones favorables para que las empresas contin\u00faen invirtiendo en la entidad, as\u00ed como colaborar de manera conjunta con la iniciativa privada para fortalecer la capacitaci\u00f3n laboral, en espec\u00edfico en el sector textil.<\/p>\n\n\n\n<p>Junto con el gerente de la planta de Maxcan\u00fa, Eduardo Rodr\u00edguez Aguirre y el responsable jur\u00eddico, Gabriel Maga\u00f1a Legorreta, Jones Rivera expuso que la compa\u00f1\u00eda est\u00e1 dispuesta a colaborar con el Gobierno del Estado para establecer sus f\u00e1bricas en los lugares donde sean necesarias y contribuyan a mejorar las condiciones de vida e ingresos de las familias yucatecas.<\/p>\n\n\n\n<p>Luego de conocer los planes de la firma, el Gobernador, junto con la alcaldesa de Maxcan\u00fa, Reina Marlene Catz\u00edn Cih, hizo un recorrido por las diversas \u00e1reas de producci\u00f3n de la f\u00e1brica, donde salud\u00f3 y convers\u00f3 con los trabajadores.<\/p>\n\n\n\n<p>Un ejemplo de la importancia de las oportunidades de trabajo en el interior del estado es Leticia L\u00f3pez Y\u00e1\u00f1ez, quien antes de la llegada de la maquiladora se encontraba desempleada, y fue una de las primeras en ser reclutadas. Aunque sus primeras semanas fueron en el \u00e1rea de producci\u00f3n, su preparaci\u00f3n, pues es contadora de profesi\u00f3n, le permiti\u00f3 ascender y ahora se encarga del \u00e1rea de n\u00f3mina de la empresa.<\/p>\n\n\n\n<p>Es muy importante la labor que el Gobernador est\u00e1 haciendo para facilitar que las empresas vayan a los municipios y den trabajo a la gente que lo necesita. Est\u00e1 muy bien que tengamos oportunidades en nuestros propios lugares, expres\u00f3 la mujer, habitante de Maxcan\u00fa, luego de saludar a Vila Dosal.<\/p>\n\n\n\n<p>En la visita tambi\u00e9n estuvieron presentes los subsecretarios de Inversi\u00f3n, Desarrollo Econ\u00f3mico y Financiamiento de la Sefoet, Gerardo D\u00edaz de Zavala y del Trabajo, Agust\u00edn Men\u00e9ndez Reyes, as\u00ed como el presidente local de la Asociaci\u00f3n de Maquiladoras de Exportaci\u00f3n (Index Yucat\u00e1n), Alberto Berr\u00f3n Bolio. (Comunicado de Prensa)<\/p>\n","protected":false},"excerpt":{"rendered":"<p>Maxcan\u00fa, Yucat\u00e1n, 17 de abril de 2019.- La oferta de m\u00e1s y mejores empleos que impulsa el Gobernador Mauricio Vila Dosal en el interior del estado sigue consolid\u00e1ndose con la<\/p>\n","protected":false},"author":1,"featured_media":71908,"comment_status":"open","ping_status":"open","sticky":false,"template":"","format":"standard","meta":{"jetpack_post_was_ever_published":false,"_jetpack_newsletter_access":"","_jetpack_dont_email_post_to_subs":false,"_jetpack_newsletter_tier_id":0,"_jetpack_memberships_contains_paywalled_content":false,"_jetpack_memberships_contains_paid_content":false,"footnotes":"","jetpack_publicize_message":"","jetpack_publicize_feature_enabled":true,"jetpack_social_post_already_shared":true,"jetpack_social_options":{"image_generator_settings":{"template":"highway","default_image_id":0,"font":"","enabled":false},"version":2}},"categories":[17],"tags":[],"class_list":["post-71907","post","type-post","status-publish","format-standard","has-post-thumbnail","hentry","category-politica-y-gobierno"],"jetpack_publicize_connections":[],"jetpack_featured_media_url":"https:\/\/formalprision.com\/wp-content\/uploads\/2019\/04\/IMG_3742.jpg","jetpack_sharing_enabled":true,"jetpack_shortlink":"https:\/\/wp.me\/p6id8p-iHN","_links":{"self":[{"href":"https:\/\/formalprision.com\/index.php?rest_route=\/wp\/v2\/posts\/71907","targetHints":{"allow":["GET"]}}],"collection":[{"href":"https:\/\/formalprision.com\/index.php?rest_route=\/wp\/v2\/posts"}],"about":[{"href":"https:\/\/formalprision.com\/index.php?rest_route=\/wp\/v2\/types\/post"}],"author":[{"embeddable":true,"href":"https:\/\/formalprision.com\/index.php?rest_route=\/wp\/v2\/users\/1"}],"replies":[{"embeddable":true,"href":"https:\/\/formalprision.com\/index.php?rest_route=%2Fwp%2Fv2%2Fcomments&post=71907"}],"version-history":[{"count":0,"href":"https:\/\/formalprision.com\/index.php?rest_route=\/wp\/v2\/posts\/71907\/revisions"}],"wp:featuredmedia":[{"embeddable":true,"href":"https:\/\/formalprision.com\/index.php?rest_route=\/wp\/v2\/media\/71908"}],"wp:attachment":[{"href":"https:\/\/formalprision.com\/index.php?rest_route=%2Fwp%2Fv2%2Fmedia&parent=71907"}],"wp:term":[{"taxonomy":"category","embeddable":true,"href":"https:\/\/formalprision.com\/index.php?rest_route=%2Fwp%2Fv2%2Fcategories&post=71907"},{"taxonomy":"post_tag","embeddable":true,"href":"https:\/\/formalprision.com\/index.php?rest_route=%2Fwp%2Fv2%2Ftags&post=71907"}],"curies":[{"name":"wp","href":"https:\/\/api.w.org\/{rel}","templated":true}]}}