{"id":7193,"date":"2012-03-13T23:15:00","date_gmt":"2012-03-13T23:15:00","guid":{"rendered":"http:\/\/formalprision.info\/2012\/03\/13\/aseguran-piezas-arqueologicas\/"},"modified":"2015-06-03T08:53:06","modified_gmt":"2015-06-03T08:53:06","slug":"aseguran-piezas-arqueologicas","status":"publish","type":"post","link":"https:\/\/formalprision.com\/?p=7193","title":{"rendered":"Aseguran piezas arqueol\u00f3gicas transportadas ilegamente de M\u00e9rida a Puebla"},"content":{"rendered":"<p><a href=\"http:\/\/2.bp.blogspot.com\/-KOz14Cmpu68\/T1_WUv0KytI\/AAAAAAAAGMc\/6D54-GXsLF0\/s1600\/aaaarqueol.jpg\"><img decoding=\"async\" id=\"BLOGGER_PHOTO_ID_5719525703704824530\" style=\"FLOAT: left; MARGIN: 0px 10px 10px 0px; WIDTH: 320px; CURSOR: hand; HEIGHT: 169px\" alt=\"\" src=\"http:\/\/formalprision.com\/wp-content\/uploads\/2012\/03\/aaaarqueol.jpg\" border=\"0\" \/><\/a><\/p>\n<div>\u00b7La Procuradur\u00eda General de la Rep\u00fablica consign\u00f3 ante el Juzgado Segundo de Distrito con sede en Campeche a una persona que transportaba piezas arqueol\u00f3gicas de M\u00e9rida a Puebla.<br \/>De acuerdo con la investigaci\u00f3n, AP\/PGR\/CAMP\/CAMP-IV\/60\/2012, se detuvo al presunto responsable el 8 de marzo a bordo de un veh\u00edculo, con placas del Servicio P\u00fablico Federal en el kil\u00f3metro 078\/000 de la carretera Sabancuy-Champot\u00f3n.<br \/>Al revisar el veh\u00edculo se localizaron piezas arqueol\u00f3gicas que sin permisos correspondientes eran trasladadas de M\u00e9rida a Puebla.<br \/>El Ministerio P\u00fablico de la Federaci\u00f3n, solicit\u00f3 la intervenci\u00f3n de los arque\u00f3logos adscritos del Instituto Nacional de Antropolog\u00eda e Historia (INAH) en Campeche, quienes determinaron la autenticad y la antig\u00fcedad de los vestigios prehisp\u00e1nicos y\/o hist\u00f3ricos, as\u00ed como el importe del aval\u00fao a los da\u00f1os ocasionados a dichos bienes culturales.<br \/>Cabe destacar que la obtenci\u00f3n de dos piezas prehisp\u00e1nicas, presume la remoci\u00f3n de capas estratigr\u00e1ficas en las que se encontraban depositados, es decir la excavaci\u00f3n ilegal y el consecuente saqueo de inmuebles.<br \/>Por lo anterior se estableci\u00f3 que con base al Registro P\u00fablico de Monumentos y Zonas Arqueol\u00f3gicas, Art\u00edsticos e hist\u00f3ricos del INAH, el da\u00f1o causado al Patrimonio Cultural Nacional.<br \/>Las piezas prehisp\u00e1nicas aseguradas son:<br \/>El Fachamiento general del fragmento de jamba y del sillar de recubrimiento es del periodo Cl\u00e1sico Tard\u00edo, correspondiente a los 600 a 900de nuestras era.<br \/>Fragmento inferior que corresponden a un edificio prehisp\u00e1nico de arquitectura Puuc (600-900 D.C.)<br \/>Sillar de recubrimiento de alguna fachada de un edificio prehisp\u00e1nico de arquitectura Puuc<br \/>Jarras de olivo estilo Medio (1580 a 1850 de nuestra Era)<br \/>Jarras de olivo estilo Tard\u00edo (1800 A 1850 de nuestra Era)<br \/>As\u00ed como la reproducci\u00f3n de un panel de piedra caliza del monumento de Palenque, Chiapas.<br \/>Y tres cabezas de serpiente emplumada que reproducen monumentos similares a Chich\u00e9n Itz\u00e1<br \/>Los objetos quedaron a disposici\u00f3n de la Autoridad Jurisdiccional y bajo el resguardo del INAH en Campeche, mientras que el detenido fue internado en el Centro de Readaptaci\u00f3n Social de San Francisco Kob\u00e9n, donde enfrentar\u00e1 su proceso penal.<\/div>\n","protected":false},"excerpt":{"rendered":"<p>\u00b7La Procuradur\u00eda General de la Rep\u00fablica consign\u00f3 ante el Juzgado Segundo de Distrito con sede en Campeche a una persona que transportaba piezas arqueol\u00f3gicas de M\u00e9rida a Puebla.De acuerdo con<\/p>\n","protected":false},"author":1,"featured_media":24480,"comment_status":"open","ping_status":"open","sticky":false,"template":"","format":"standard","meta":{"jetpack_post_was_ever_published":false,"_jetpack_newsletter_access":"","_jetpack_dont_email_post_to_subs":false,"_jetpack_newsletter_tier_id":0,"_jetpack_memberships_contains_paywalled_content":false,"_jetpack_memberships_contains_paid_content":false,"footnotes":"","jetpack_publicize_message":"","jetpack_publicize_feature_enabled":true,"jetpack_social_post_already_shared":false,"jetpack_social_options":{"image_generator_settings":{"template":"highway","default_image_id":0,"font":"","enabled":false},"version":2}},"categories":[45,3,1],"tags":[],"class_list":["post-7193","post","type-post","status-publish","format-standard","has-post-thumbnail","hentry","category-delincuentes-vip","category-portada","category-sin-categoria"],"jetpack_publicize_connections":[],"jetpack_featured_media_url":"https:\/\/formalprision.com\/wp-content\/uploads\/2012\/03\/aaaarqueol.jpg","jetpack_sharing_enabled":true,"jetpack_shortlink":"https:\/\/wp.me\/p6id8p-1S1","_links":{"self":[{"href":"https:\/\/formalprision.com\/index.php?rest_route=\/wp\/v2\/posts\/7193","targetHints":{"allow":["GET"]}}],"collection":[{"href":"https:\/\/formalprision.com\/index.php?rest_route=\/wp\/v2\/posts"}],"about":[{"href":"https:\/\/formalprision.com\/index.php?rest_route=\/wp\/v2\/types\/post"}],"author":[{"embeddable":true,"href":"https:\/\/formalprision.com\/index.php?rest_route=\/wp\/v2\/users\/1"}],"replies":[{"embeddable":true,"href":"https:\/\/formalprision.com\/index.php?rest_route=%2Fwp%2Fv2%2Fcomments&post=7193"}],"version-history":[{"count":0,"href":"https:\/\/formalprision.com\/index.php?rest_route=\/wp\/v2\/posts\/7193\/revisions"}],"wp:featuredmedia":[{"embeddable":true,"href":"https:\/\/formalprision.com\/index.php?rest_route=\/wp\/v2\/media\/24480"}],"wp:attachment":[{"href":"https:\/\/formalprision.com\/index.php?rest_route=%2Fwp%2Fv2%2Fmedia&parent=7193"}],"wp:term":[{"taxonomy":"category","embeddable":true,"href":"https:\/\/formalprision.com\/index.php?rest_route=%2Fwp%2Fv2%2Fcategories&post=7193"},{"taxonomy":"post_tag","embeddable":true,"href":"https:\/\/formalprision.com\/index.php?rest_route=%2Fwp%2Fv2%2Ftags&post=7193"}],"curies":[{"name":"wp","href":"https:\/\/api.w.org\/{rel}","templated":true}]}}