{"id":7196,"date":"2012-03-13T02:25:00","date_gmt":"2012-03-13T02:25:00","guid":{"rendered":"http:\/\/formalprision.info\/2012\/03\/13\/frustran-intento-de-venta-de\/"},"modified":"2015-06-03T08:53:07","modified_gmt":"2015-06-03T08:53:07","slug":"frustran-intento-de-venta-de","status":"publish","type":"post","link":"https:\/\/formalprision.com\/?p=7196","title":{"rendered":"Frustran intento de venta de narcoresidencia del jefe del Cartel del Golfo en M\u00e9rida"},"content":{"rendered":"<p><a href=\"http:\/\/3.bp.blogspot.com\/-CmAjnhGpGt4\/T16y7JWqNgI\/AAAAAAAAGL4\/hcanOPEnlnw\/s1600\/aaaparamieslacasadelnarc.jpg\"><img decoding=\"async\" id=\"BLOGGER_PHOTO_ID_5719205306000094722\" style=\"FLOAT: left; MARGIN: 0px 10px 10px 0px; WIDTH: 320px; CURSOR: hand; HEIGHT: 240px\" alt=\"\" src=\"http:\/\/formalprision.com\/wp-content\/uploads\/2012\/03\/aaaparamieslacasadelnarc.jpg\" border=\"0\" \/><\/a><\/p>\n<div>Aprovechando que se encuentra en el abandono y sin vigilancia, personas no identificaron intentaron aparentemente apropiarse de manera ilegal de una casa de un capo del narcotr\u00e1fico en M\u00e9rida.<br \/>La residencia, ubicada en el fraccionamiento Montebello, fue asegurada a uno de los jefes del Cartel del Golfo hace varios a\u00f1os por elementos del Ej\u00e9rcito Mexicano y permanece desde entonces bajo resguardo legal de la Secretar\u00eda de Hacienda y Cr\u00e9dito P\u00fablico<br \/>En d\u00edas, pasados, quienes intentaron apropiarse de la vivienda enviaron a trabajadores a limpiar el frente de la casa. Que ten\u00eda ya plantas colgantes por el abandono en que se encuentra.<br \/>Los trabajadores dijeron a los vecinos que fueron contratados por los due\u00f1os de la vivienda para hacer limpieza, pues ser\u00eda puesta en venta.<br \/>Extra\u00f1ados, porque la residencia est\u00e1 en resguardo, los vecinos dieron aviso a las autoridades.<br \/>Ante tal situaci\u00f3n, personal de la Secretar\u00eda de Hacienda acudi\u00f3 al sitio y aunque ya no encontr\u00f3 a los trabajadores, dispuso la colocaci\u00f3n de nuevos letreros que advierten que se proceder\u00e1 legalmente contra quienes intenten apoderarse de la residencia.<br \/>Se pidi\u00f3 a los vecinos reportar cualquier situaci\u00f3n sospechosa a la polic\u00eda.<br \/>La vivienda se ubica en el n\u00famero 394 de la calle 36 Diagonal entre 13 y 15 de Montebello.<br \/>La casa pertenec\u00eda a Oziel C\u00e1rdenas Guillen, uno de los narcotraficantes m\u00e1s importantes de la historia del narco en el pa\u00eds.<br \/>El ex militar Jes\u00fas Enrique Rej\u00f3n Aguilar, se\u00f1alado como uno de los fundadores del grupo de Los Zetas, compr\u00f3 el 11 de octubre de 2001 \u2013en $375,000- el terreno donde se construy\u00f3 la residencia y luego se la vendi\u00f3 a Rafael Salinas Cornejo, cu\u00f1ado y socio del jefe del Cartel del Golfo Oziel C\u00e1rdenas Guill\u00e9n. (Yucat\u00e1n Press)<\/div>\n","protected":false},"excerpt":{"rendered":"<p>Aprovechando que se encuentra en el abandono y sin vigilancia, personas no identificaron intentaron aparentemente apropiarse de manera ilegal de una casa de un capo del narcotr\u00e1fico en M\u00e9rida.La residencia,<\/p>\n","protected":false},"author":1,"featured_media":24486,"comment_status":"open","ping_status":"open","sticky":false,"template":"","format":"standard","meta":{"jetpack_post_was_ever_published":false,"_jetpack_newsletter_access":"","_jetpack_dont_email_post_to_subs":false,"_jetpack_newsletter_tier_id":0,"_jetpack_memberships_contains_paywalled_content":false,"_jetpack_memberships_contains_paid_content":false,"footnotes":"","jetpack_publicize_message":"","jetpack_publicize_feature_enabled":true,"jetpack_social_post_already_shared":false,"jetpack_social_options":{"image_generator_settings":{"template":"highway","default_image_id":0,"font":"","enabled":false},"version":2}},"categories":[45,47,3,1],"tags":[],"class_list":["post-7196","post","type-post","status-publish","format-standard","has-post-thumbnail","hentry","category-delincuentes-vip","category-narcos","category-portada","category-sin-categoria"],"jetpack_publicize_connections":[],"jetpack_featured_media_url":"https:\/\/formalprision.com\/wp-content\/uploads\/2012\/03\/aaaparamieslacasadelnarc.jpg","jetpack_sharing_enabled":true,"jetpack_shortlink":"https:\/\/wp.me\/p6id8p-1S4","_links":{"self":[{"href":"https:\/\/formalprision.com\/index.php?rest_route=\/wp\/v2\/posts\/7196","targetHints":{"allow":["GET"]}}],"collection":[{"href":"https:\/\/formalprision.com\/index.php?rest_route=\/wp\/v2\/posts"}],"about":[{"href":"https:\/\/formalprision.com\/index.php?rest_route=\/wp\/v2\/types\/post"}],"author":[{"embeddable":true,"href":"https:\/\/formalprision.com\/index.php?rest_route=\/wp\/v2\/users\/1"}],"replies":[{"embeddable":true,"href":"https:\/\/formalprision.com\/index.php?rest_route=%2Fwp%2Fv2%2Fcomments&post=7196"}],"version-history":[{"count":0,"href":"https:\/\/formalprision.com\/index.php?rest_route=\/wp\/v2\/posts\/7196\/revisions"}],"wp:featuredmedia":[{"embeddable":true,"href":"https:\/\/formalprision.com\/index.php?rest_route=\/wp\/v2\/media\/24486"}],"wp:attachment":[{"href":"https:\/\/formalprision.com\/index.php?rest_route=%2Fwp%2Fv2%2Fmedia&parent=7196"}],"wp:term":[{"taxonomy":"category","embeddable":true,"href":"https:\/\/formalprision.com\/index.php?rest_route=%2Fwp%2Fv2%2Fcategories&post=7196"},{"taxonomy":"post_tag","embeddable":true,"href":"https:\/\/formalprision.com\/index.php?rest_route=%2Fwp%2Fv2%2Ftags&post=7196"}],"curies":[{"name":"wp","href":"https:\/\/api.w.org\/{rel}","templated":true}]}}